{"id":32520,"date":"2020-11-16T10:16:26","date_gmt":"2020-11-16T13:16:26","guid":{"rendered":"http:\/\/www.sincomam.org.br\/?p=32520"},"modified":"2020-11-16T10:16:26","modified_gmt":"2020-11-16T13:16:26","slug":"tse-finaliza-totalizacao-dos-votos-com-tres-horas-de-atraso","status":"publish","type":"post","link":"https:\/\/www.sincomam.org.br\/index.php\/tse-finaliza-totalizacao-dos-votos-com-tres-horas-de-atraso\/","title":{"rendered":"TSE finaliza totaliza\u00e7\u00e3o dos votos com tr\u00eas horas de atraso"},"content":{"rendered":"<p><strong><em>N\u00e3o houve risco \u00e0 seguran\u00e7a do sigilo dos votos, disse ministro<\/em><\/strong><\/p>\n<p>O presidente do Tribunal Superior Eleitoral (TSE), ministro Lu\u00eds Roberto Barroso, informou que a totaliza\u00e7\u00e3o dos votos do primeiro turno das elei\u00e7\u00f5es foi finalizada. Barroso reiterou que o atraso de tr\u00eas horas na divulga\u00e7\u00e3o dos resultados ocorreu devido a uma falha em um computador.<\/p>\n<p>Segundo o ministro, n\u00e3o houve qualquer risco para integridade do sistema e \u00e0 seguran\u00e7a do sigilo dos votos, porque o problema ocorreu somente na divulga\u00e7\u00e3o. Os dados dos tribunais regionais eleitorais foram recebidos normalmente.<\/p>\n<p><em>\u201cLamento o atraso ocorrido. Ele decorreu, provavelmente, do aumento das medidas de seguran\u00e7a que n\u00f3s trouxemos para o sistema e de uma poss\u00edvel falha em um dos processadores. A demora n\u00e3o compromete a integridade do sistema, menos ainda uma demora de menos de tr\u00eas horas\u201d, garantiu. <\/em><\/p>\n<p>O presidente do TSE tamb\u00e9m afirmou que a centraliza\u00e7\u00e3o da totaliza\u00e7\u00e3o (soma) de votos no TSE foi uma recomenda\u00e7\u00e3o da Pol\u00edcia Federal (PF). Mais cedo, Barroso disse que n\u00e3o teve simpatia pela mudan\u00e7a, que foi realizada durante a gest\u00e3o da ex-presidente, ministra Rosa Weber. Nas elei\u00e7\u00f5es anteriores, a totaliza\u00e7\u00e3o era realizada pela Justi\u00e7a Eleitoral nos estados.<\/p>\n<p><em>\u201cFoi uma decis\u00e3o t\u00e9cnica decorrente de uma recomenda\u00e7\u00e3o da Pol\u00edcia Federal. Embora, eu tenha dito que n\u00e3o tinha simpatia pela medida, eu tamb\u00e9m a teria tomado se tivesse sido sob minha gest\u00e3o, porque era a recomenda\u00e7\u00e3o t\u00e9cnica de um relat\u00f3rio minucioso da PF a esse respeito\u201d, explicou.<\/em><\/p>\n<p><strong>Absten\u00e7\u00e3o<\/strong><\/p>\n<p>Durante a coletiva de imprensa, Barroso informou que os \u00edndices de absten\u00e7\u00e3o do eleitorado no primeiro turno foram inferiores a 25%, n\u00famero um pouco superior em rela\u00e7\u00e3o \u00e0s elei\u00e7\u00f5es de 2018.<\/p>\n<p><em>\u201cQueria cumprimentar o eleitorado brasileiro, que compareceu em massa, apesar das circunst\u00e2ncias. N\u00f3s tivemos a preocupa\u00e7\u00e3o de dar m\u00e1xima seguran\u00e7a \u00e0 sa\u00fade de todos\u201d.<\/em><\/p>\n<p><strong>Pris\u00e3o<\/strong><\/p>\n<p>O TSE tamb\u00e9m informou que 55 candidatos foram presos em flagrante por crime eleitoral. At\u00e9 o momento, n\u00e3o h\u00e1 registro de vota\u00e7\u00e3o manual em nenhum munic\u00edpio do pa\u00eds.<\/p>\n<p>Fonte: Ag\u00eancia Brasil<\/p>\n","protected":false},"excerpt":{"rendered":"<p>N\u00e3o houve risco \u00e0 seguran\u00e7a do sigilo dos votos, disse ministro O presidente do Tribunal Superior Eleitoral (TSE), ministro Lu\u00eds Roberto Barroso, informou que a&#8230;<\/p>\n","protected":false},"author":1182,"featured_media":19013,"comment_status":"closed","ping_status":"closed","sticky":false,"template":"","format":"standard","meta":{"footnotes":""},"categories":[6],"tags":[4071,727,61,1416,4069,3014,740,3145,239,4072,1966,2915,4070],"class_list":["post-32520","post","type-post","status-publish","format-standard","has-post-thumbnail","hentry","category-noticias","tag-abstencao","tag-atraso","tag-brasil","tag-eleicoes","tag-finalizacao","tag-prefeito","tag-prisao","tag-risco","tag-seguranca","tag-sigilo","tag-total","tag-tse","tag-votos"],"_links":{"self":[{"href":"https:\/\/www.sincomam.org.br\/index.php\/wp-json\/wp\/v2\/posts\/32520","targetHints":{"allow":["GET"]}}],"collection":[{"href":"https:\/\/www.sincomam.org.br\/index.php\/wp-json\/wp\/v2\/posts"}],"about":[{"href":"https:\/\/www.sincomam.org.br\/index.php\/wp-json\/wp\/v2\/types\/post"}],"author":[{"embeddable":true,"href":"https:\/\/www.sincomam.org.br\/index.php\/wp-json\/wp\/v2\/users\/1182"}],"replies":[{"embeddable":true,"href":"https:\/\/www.sincomam.org.br\/index.php\/wp-json\/wp\/v2\/comments?post=32520"}],"version-history":[{"count":1,"href":"https:\/\/www.sincomam.org.br\/index.php\/wp-json\/wp\/v2\/posts\/32520\/revisions"}],"predecessor-version":[{"id":32523,"href":"https:\/\/www.sincomam.org.br\/index.php\/wp-json\/wp\/v2\/posts\/32520\/revisions\/32523"}],"wp:featuredmedia":[{"embeddable":true,"href":"https:\/\/www.sincomam.org.br\/index.php\/wp-json\/wp\/v2\/media\/19013"}],"wp:attachment":[{"href":"https:\/\/www.sincomam.org.br\/index.php\/wp-json\/wp\/v2\/media?parent=32520"}],"wp:term":[{"taxonomy":"category","embeddable":true,"href":"https:\/\/www.sincomam.org.br\/index.php\/wp-json\/wp\/v2\/categories?post=32520"},{"taxonomy":"post_tag","embeddable":true,"href":"https:\/\/www.sincomam.org.br\/index.php\/wp-json\/wp\/v2\/tags?post=32520"}],"curies":[{"name":"wp","href":"https:\/\/api.w.org\/{rel}","templated":true}]}}