{"id":32497,"date":"2020-11-13T08:00:12","date_gmt":"2020-11-13T11:00:12","guid":{"rendered":"http:\/\/www.sincomam.org.br\/?p=32497"},"modified":"2020-11-12T22:37:38","modified_gmt":"2020-11-13T01:37:38","slug":"reforma-da-previdencia-brasileira-completa-um-ano","status":"publish","type":"post","link":"https:\/\/www.sincomam.org.br\/index.php\/reforma-da-previdencia-brasileira-completa-um-ano\/","title":{"rendered":"Reforma da Previd\u00eancia brasileira completa um ano"},"content":{"rendered":"<p><strong><em>Governo espera que reforma traga economia de R$ 800 bilh\u00f5es em 10 anos<\/em><\/strong><\/p>\n<p>Aprovada pelo Congresso Nacional no m\u00eas de novembro, a reforma da Previd\u00eancia completou nesta quinta-feira (12) um ano de sua promulga\u00e7\u00e3o. Entre as mudan\u00e7as trazidas pela reforma do sistema previdenci\u00e1rio est\u00e3o a institui\u00e7\u00e3o de novas idades de aposentadoria, novo tempo m\u00ednimo de contribui\u00e7\u00e3o, regras de transi\u00e7\u00e3o para quem j\u00e1 \u00e9 segurado, de novas al\u00edquotas de contribui\u00e7\u00e3o para a Previd\u00eancia, entre outras mudan\u00e7as.<\/p>\n<p>A expectativa do governo \u00e9 que, em 10 anos, a reforma garanta uma economia de cerca de R$ 800 bilh\u00f5es aos cofres da Uni\u00e3o.<\/p>\n<p>Pela regra geral aprovada, os trabalhadores urbanos se aposentar\u00e3o a partir dos 62 anos (mulheres) e 65 anos (homens). As mulheres ter\u00e3o 15 anos m\u00ednimos de contribui\u00e7\u00e3o. Os homens que j\u00e1 contribuem para o Instituto Nacional do Seguro Social (INSS) tamb\u00e9m ter\u00e3o 15 anos de contribui\u00e7\u00e3o, mas os que ainda n\u00e3o entraram no mercado de trabalho ter\u00e3o de contribuir por pelo menos 20 anos para conquistar a aposentadoria.<\/p>\n<p>Outra mudan\u00e7a importante \u00e9 o c\u00e1lculo do benef\u00edcio que vai se basear na m\u00e9dia de todos os sal\u00e1rios do trabalhador e n\u00e3o nos 80% maiores como hoje. Al\u00e9m disso, com 20 anos de contribui\u00e7\u00e3o, os trabalhadores homens ter\u00e3o apenas 60% da m\u00e9dia. Esse percentual sobe 2 pontos por cada ano de trabalho a mais. Para as mulheres, o tempo de contribui\u00e7\u00e3o m\u00ednimo \u00e9 de 15 anos.<\/p>\n<p>A reforma tamb\u00e9m trouxe a redu\u00e7\u00e3o da pens\u00e3o por morte em 40% quando o \u00fanico dependente \u00e9 o c\u00f4njuge. A acumula\u00e7\u00e3o de pens\u00e3o com aposentadoria tamb\u00e9m \u00e9 restringida. A regra aprovada prev\u00ea que a pens\u00e3o ser\u00e1 equivalente a 50% do valor da aposentadoria do segurado, acrescida de cotas de 10 pontos percentuais por dependente, at\u00e9 o m\u00e1ximo de 100%.<\/p>\n<p>Na avalia\u00e7\u00e3o do Minist\u00e9rio da Economia, a reforma aproxima as regras aplic\u00e1veis aos dois principais regimes p\u00fablicos e obrigat\u00f3rios: o Regime Geral de Previd\u00eancia Social (RGPS) e o Regime Pr\u00f3prio de Previd\u00eancia Social (RPPS) da Uni\u00e3o.<\/p>\n<p>Outra mudan\u00e7a, institu\u00edda pela reforma, \u00e9 a de que os entes federativos com RPPS dever\u00e3o instituir regime de previd\u00eancia complementar e adotar o teto de benef\u00edcios do RGPS no prazo de at\u00e9 dois anos.<\/p>\n<p>Segundo a pasta, \u201ca obrigatoriedade de institui\u00e7\u00e3o de previd\u00eancia complementar implica que novos servidores dos RPPS dos entes subnacionais ter\u00e3o o mesmo \u201cteto\u201d que os trabalhadores vinculados em RGPS, com impactos positivos do ponto de vista fiscal e distributivo.\u201d<\/p>\n<p>Fonte: Ag\u00eancia Brasil<\/p>\n","protected":false},"excerpt":{"rendered":"<p>Governo espera que reforma traga economia de R$ 800 bilh\u00f5es em 10 anos Aprovada pelo Congresso Nacional no m\u00eas de novembro, a reforma da Previd\u00eancia&#8230;<\/p>\n","protected":false},"author":1182,"featured_media":9827,"comment_status":"closed","ping_status":"closed","sticky":false,"template":"","format":"standard","meta":{"footnotes":""},"categories":[6],"tags":[420,61,2660,325,4063,954],"class_list":["post-32497","post","type-post","status-publish","format-standard","has-post-thumbnail","hentry","category-noticias","tag-aposentados","tag-brasil","tag-exercito-brasileiro","tag-liberacao","tag-reforma-previdencia","tag-uniao"],"_links":{"self":[{"href":"https:\/\/www.sincomam.org.br\/index.php\/wp-json\/wp\/v2\/posts\/32497","targetHints":{"allow":["GET"]}}],"collection":[{"href":"https:\/\/www.sincomam.org.br\/index.php\/wp-json\/wp\/v2\/posts"}],"about":[{"href":"https:\/\/www.sincomam.org.br\/index.php\/wp-json\/wp\/v2\/types\/post"}],"author":[{"embeddable":true,"href":"https:\/\/www.sincomam.org.br\/index.php\/wp-json\/wp\/v2\/users\/1182"}],"replies":[{"embeddable":true,"href":"https:\/\/www.sincomam.org.br\/index.php\/wp-json\/wp\/v2\/comments?post=32497"}],"version-history":[{"count":1,"href":"https:\/\/www.sincomam.org.br\/index.php\/wp-json\/wp\/v2\/posts\/32497\/revisions"}],"predecessor-version":[{"id":32498,"href":"https:\/\/www.sincomam.org.br\/index.php\/wp-json\/wp\/v2\/posts\/32497\/revisions\/32498"}],"wp:featuredmedia":[{"embeddable":true,"href":"https:\/\/www.sincomam.org.br\/index.php\/wp-json\/wp\/v2\/media\/9827"}],"wp:attachment":[{"href":"https:\/\/www.sincomam.org.br\/index.php\/wp-json\/wp\/v2\/media?parent=32497"}],"wp:term":[{"taxonomy":"category","embeddable":true,"href":"https:\/\/www.sincomam.org.br\/index.php\/wp-json\/wp\/v2\/categories?post=32497"},{"taxonomy":"post_tag","embeddable":true,"href":"https:\/\/www.sincomam.org.br\/index.php\/wp-json\/wp\/v2\/tags?post=32497"}],"curies":[{"name":"wp","href":"https:\/\/api.w.org\/{rel}","templated":true}]}}