{"id":32494,"date":"2020-11-12T11:20:38","date_gmt":"2020-11-12T14:20:38","guid":{"rendered":"http:\/\/www.sincomam.org.br\/?p=32494"},"modified":"2020-11-12T11:20:38","modified_gmt":"2020-11-12T14:20:38","slug":"br-distribuidora-avalia-entrar-no-mercado-de-comercializacao-de-energia-eletrica","status":"publish","type":"post","link":"https:\/\/www.sincomam.org.br\/index.php\/br-distribuidora-avalia-entrar-no-mercado-de-comercializacao-de-energia-eletrica\/","title":{"rendered":"BR Distribuidora avalia entrar no mercado de comercializa\u00e7\u00e3o de energia el\u00e9trica"},"content":{"rendered":"<p>A BR Distribuidora est\u00e1 avaliando a possibilidade de entrar no mercado de comercializa\u00e7\u00e3o de energia el\u00e9trica, afirmou o presidente da companhia, Rafael Grisolia, durante teleconfer\u00eancia com analistas nesta quarta-feira (11). \u201cEstamos em negocia\u00e7\u00f5es e podemos ter novidades antes do fim do ano\u201d, disse o executivo.<\/p>\n<p>A companhia tamb\u00e9m segue com os planos de entrar no mercado de g\u00e1s natural, apesar de a discuss\u00e3o sobre uma eventual parceria com a Golar Power para distribui\u00e7\u00e3o em pequena escala de g\u00e1s natural liquefeito (GNL) ter desacelerado nas \u00faltimas semanas. O presidente da subsidi\u00e1ria brasileira da Golar (Hygo Energy), Eduardo Antonello, virou alvo de investiga\u00e7\u00f5es da Lava-Jato em setembro.<\/p>\n<p><em>\u201cTemos que tomar cuidado com rela\u00e7\u00e3o a esse evento de compliance. Estamos avaliando [o caso] para tomar as melhores decis\u00f5es\u201d, afirmou Grisolia.<\/em><\/p>\n<p>A companhia tamb\u00e9m tem buscado manter a consist\u00eancia de pre\u00e7os praticados ao consumidor de modo a equilibrar margens e ganho de participa\u00e7\u00e3o de mercado, afirmou o diretor executivo de finan\u00e7as, compras e rela\u00e7\u00f5es com investidores, Andr\u00e9 Natal, durante confer\u00eancia com investidores nesta quarta-feira (11).<\/p>\n<p>\u201cEstamos tentando evitar grandes margens de recomposi\u00e7\u00e3o, mas buscando um equil\u00edbrio. Temos conseguido margens saud\u00e1veis com um bom ganho de \u2018share\u2019. Estamos buscando mais consist\u00eancia\u201d, disse o executivo.<\/p>\n<p>A companhia conseguiu ainda aumentar sua participa\u00e7\u00e3o no mercado para 26,6% no setor de combust\u00edveis no terceiro trimestre, avan\u00e7o de 0,6 pontos percentuais em rela\u00e7\u00e3o ao segundo trimestre. De acordo com o presidente da companhia, Rafael Grisolia, o avan\u00e7o j\u00e1 \u00e9 resultado dos esfor\u00e7os para uma menor volatilidade de pre\u00e7os.<\/p>\n<p>\u201cTemos conseguido mais estabilidade na din\u00e2mica de precifica\u00e7\u00e3o para os clientes, conseguimos manter uma estrat\u00e9gia mais clara, que passa confian\u00e7a. \u00c9 uma proposta de valor\u201d, afirmou Grisolia.<\/p>\n<p><strong>CBios<\/strong><\/p>\n<p>A companhia defende a busca de uma solu\u00e7\u00e3o de mercado ap\u00f3s a judicializa\u00e7\u00e3o das metas de descarboniza\u00e7\u00e3o para as distribuidoras, como parte do programa de est\u00edmulo aos biocombust\u00edveis do governo federal, o RenovaBio.<\/p>\n<p><em>\u201cN\u00e3o podemos viver uma assimetria com as distribuidoras sob diferentes situa\u00e7\u00f5es jur\u00eddicas\u201d, afirmou o presidente da BR Distribuidora, Rafael Grisolia, na teleconfer\u00eancia com os analistas.<\/em><\/p>\n<p>As discuss\u00f5es ocorrem depois que a Associa\u00e7\u00e3o das Distribuidoras de Combust\u00edveis (Brasilcom) obteve, no domingo (8), uma liminar na Justi\u00e7a que reduziu em 25% as metas de compra de Cr\u00e9ditos de Descarboniza\u00e7\u00e3o (CBios) de suas associadas \u2014 em sua maioria distribuidoras de alcance regional, al\u00e9m da Alesat.<\/p>\n<p><strong>Lojas Americanas<\/strong><\/p>\n<p>A BR Distribuidora deve anunciar, em breve, a conclus\u00e3o das discuss\u00f5es com as Lojas Americanas sobre uma poss\u00edvel parceria no setor de lojas de conveni\u00eancia, afirmou Grisolia.<\/p>\n<p><em>\u201cAs Lojas Americanas t\u00eam desenhos que criam valor e estamos sempre buscando uma melhor efici\u00eancia. Estamos mais pr\u00f3ximos, do que est\u00e1vamos no segundo trimestre, de mostrar ao mercado as conclus\u00f5es para uma potencial parceria\u201d, disse o presidente da BR Distribuidora.<\/em><\/p>\n<p>As companhias assinaram, ao final de agosto, memorando de entendimentos para viabilizar o eventual acordo.<\/p>\n<p>Fonte: Valor<\/p>\n","protected":false},"excerpt":{"rendered":"<p>A BR Distribuidora est\u00e1 avaliando a possibilidade de entrar no mercado de comercializa\u00e7\u00e3o de energia el\u00e9trica, afirmou o presidente da companhia, Rafael Grisolia, durante teleconfer\u00eancia&#8230;<\/p>\n","protected":false},"author":1182,"featured_media":32495,"comment_status":"closed","ping_status":"closed","sticky":false,"template":"","format":"standard","meta":{"footnotes":""},"categories":[6],"tags":[199,2083,988,4062],"class_list":["post-32494","post","type-post","status-publish","format-standard","has-post-thumbnail","hentry","category-noticias","tag-avaliacao","tag-br-distribuidora","tag-comercio","tag-energia-eletrica"],"_links":{"self":[{"href":"https:\/\/www.sincomam.org.br\/index.php\/wp-json\/wp\/v2\/posts\/32494","targetHints":{"allow":["GET"]}}],"collection":[{"href":"https:\/\/www.sincomam.org.br\/index.php\/wp-json\/wp\/v2\/posts"}],"about":[{"href":"https:\/\/www.sincomam.org.br\/index.php\/wp-json\/wp\/v2\/types\/post"}],"author":[{"embeddable":true,"href":"https:\/\/www.sincomam.org.br\/index.php\/wp-json\/wp\/v2\/users\/1182"}],"replies":[{"embeddable":true,"href":"https:\/\/www.sincomam.org.br\/index.php\/wp-json\/wp\/v2\/comments?post=32494"}],"version-history":[{"count":1,"href":"https:\/\/www.sincomam.org.br\/index.php\/wp-json\/wp\/v2\/posts\/32494\/revisions"}],"predecessor-version":[{"id":32496,"href":"https:\/\/www.sincomam.org.br\/index.php\/wp-json\/wp\/v2\/posts\/32494\/revisions\/32496"}],"wp:featuredmedia":[{"embeddable":true,"href":"https:\/\/www.sincomam.org.br\/index.php\/wp-json\/wp\/v2\/media\/32495"}],"wp:attachment":[{"href":"https:\/\/www.sincomam.org.br\/index.php\/wp-json\/wp\/v2\/media?parent=32494"}],"wp:term":[{"taxonomy":"category","embeddable":true,"href":"https:\/\/www.sincomam.org.br\/index.php\/wp-json\/wp\/v2\/categories?post=32494"},{"taxonomy":"post_tag","embeddable":true,"href":"https:\/\/www.sincomam.org.br\/index.php\/wp-json\/wp\/v2\/tags?post=32494"}],"curies":[{"name":"wp","href":"https:\/\/api.w.org\/{rel}","templated":true}]}}