{"id":32492,"date":"2020-11-12T10:57:50","date_gmt":"2020-11-12T13:57:50","guid":{"rendered":"http:\/\/www.sincomam.org.br\/?p=32492"},"modified":"2020-11-12T10:57:50","modified_gmt":"2020-11-12T13:57:50","slug":"ibge-setor-de-servicos-cresce-18-em-setembro-na-relacao-com-mes-anterior","status":"publish","type":"post","link":"https:\/\/www.sincomam.org.br\/index.php\/ibge-setor-de-servicos-cresce-18-em-setembro-na-relacao-com-mes-anterior\/","title":{"rendered":"IBGE: Setor de servi\u00e7os cresce 1,8% em setembro na rela\u00e7\u00e3o com m\u00eas anterior"},"content":{"rendered":"<p>De acordo com resultados divulgados pelo Instituto Brasileiro de Geografia e Estat\u00edstica (IBGE) nesta quinta-feira (12), o movimento no setor de servi\u00e7os do pa\u00eds cresceu 1,8% em setembro, em rela\u00e7\u00e3o a agosto. Na compara\u00e7\u00e3o com o mesmo m\u00eas do ano anterior, no entanto, o volume teve mais uma queda, desta vez de 7,2%.<\/p>\n<p>Na rela\u00e7\u00e3o de um m\u00eas para o outro, esta foi a quarta taxa positiva seguida, acumulando uma alta de 13,4% neste per\u00edodo. O resultado recupera a sequ\u00eancia de perdas entre fevereiro e maio, que chegou a afundar em 19,8% o indicador.<\/p>\n<p>Entre os destaques da alta de agosto para setembro, est\u00e3o os servi\u00e7os prestados \u00e0s fam\u00edlias, com 9% de ganhos. Essa \u00e9 a segunda taxa positiva seguida para o segmento, que j\u00e1 acumula ganho de 71% entre maio e setembro, mas ainda precisa crescer 55% para retornar ao patamar de antes da pandemia de coronav\u00edrus.<\/p>\n<p>Outros avan\u00e7os vieram de servi\u00e7os de informa\u00e7\u00e3o e comunica\u00e7\u00e3o, que cresceram 2% em um m\u00eas e acumularam um ganho de 7% no per\u00edodo de junho a setembro. Os transportes registraram seu quinto resultado positivo seguido e acumularam ganho de 20% entre maio e setembro, mas ainda precisam avan\u00e7ar 11,1% para atingir o n\u00edvel de fevereiro.<\/p>\n<p>O \u00fanico resultado negativo do m\u00eas ficou com os servi\u00e7os profissionais, administrativos e complementares, ainda que pouco expressivo, com recuo de 0,6%.<\/p>\n<p>Fonte: CNN Brasil<\/p>\n","protected":false},"excerpt":{"rendered":"<p>De acordo com resultados divulgados pelo Instituto Brasileiro de Geografia e Estat\u00edstica (IBGE) nesta quinta-feira (12), o movimento no setor de servi\u00e7os do pa\u00eds cresceu&#8230;<\/p>\n","protected":false},"author":1182,"featured_media":30751,"comment_status":"closed","ping_status":"closed","sticky":false,"template":"","format":"standard","meta":{"footnotes":""},"categories":[6],"tags":[61,2751,170,1848,4061,862,3162,1547],"class_list":["post-32492","post","type-post","status-publish","format-standard","has-post-thumbnail","hentry","category-noticias","tag-brasil","tag-covid-19","tag-crescimento","tag-ibge","tag-pandeemia","tag-servicos","tag-setembro","tag-setor"],"_links":{"self":[{"href":"https:\/\/www.sincomam.org.br\/index.php\/wp-json\/wp\/v2\/posts\/32492","targetHints":{"allow":["GET"]}}],"collection":[{"href":"https:\/\/www.sincomam.org.br\/index.php\/wp-json\/wp\/v2\/posts"}],"about":[{"href":"https:\/\/www.sincomam.org.br\/index.php\/wp-json\/wp\/v2\/types\/post"}],"author":[{"embeddable":true,"href":"https:\/\/www.sincomam.org.br\/index.php\/wp-json\/wp\/v2\/users\/1182"}],"replies":[{"embeddable":true,"href":"https:\/\/www.sincomam.org.br\/index.php\/wp-json\/wp\/v2\/comments?post=32492"}],"version-history":[{"count":1,"href":"https:\/\/www.sincomam.org.br\/index.php\/wp-json\/wp\/v2\/posts\/32492\/revisions"}],"predecessor-version":[{"id":32493,"href":"https:\/\/www.sincomam.org.br\/index.php\/wp-json\/wp\/v2\/posts\/32492\/revisions\/32493"}],"wp:featuredmedia":[{"embeddable":true,"href":"https:\/\/www.sincomam.org.br\/index.php\/wp-json\/wp\/v2\/media\/30751"}],"wp:attachment":[{"href":"https:\/\/www.sincomam.org.br\/index.php\/wp-json\/wp\/v2\/media?parent=32492"}],"wp:term":[{"taxonomy":"category","embeddable":true,"href":"https:\/\/www.sincomam.org.br\/index.php\/wp-json\/wp\/v2\/categories?post=32492"},{"taxonomy":"post_tag","embeddable":true,"href":"https:\/\/www.sincomam.org.br\/index.php\/wp-json\/wp\/v2\/tags?post=32492"}],"curies":[{"name":"wp","href":"https:\/\/api.w.org\/{rel}","templated":true}]}}