{"id":32479,"date":"2020-11-12T10:04:24","date_gmt":"2020-11-12T13:04:24","guid":{"rendered":"http:\/\/www.sincomam.org.br\/?p=32479"},"modified":"2020-11-12T10:14:05","modified_gmt":"2020-11-12T13:14:05","slug":"governo-prorroga-operacao-verde-brasil-2-na-amazonia-legal","status":"publish","type":"post","link":"https:\/\/www.sincomam.org.br\/index.php\/governo-prorroga-operacao-verde-brasil-2-na-amazonia-legal\/","title":{"rendered":"Governo prorroga Opera\u00e7\u00e3o Verde Brasil 2 na Amaz\u00f4nia Legal"},"content":{"rendered":"<p><strong><em>A a\u00e7\u00e3o com apoio da FAs se estender\u00e1 at\u00e9 30 de abril de 2021<\/em><\/strong><\/p>\n<p>O Minist\u00e9rio da Defesa prorrogou, at\u00e9 30 de abril de 2021, o emprego das For\u00e7as Armadas na Opera\u00e7\u00e3o Verde Brasil 2. Iniciada em maio, a opera\u00e7\u00e3o auxilia em a\u00e7\u00f5es preventivas e repressivas contra delitos ambientais praticados na Amaz\u00f4nia Legal \u2013 territ\u00f3rio que abrange a totalidade dos estados do Acre, Amap\u00e1, Amazonas, Par\u00e1, Rond\u00f4nia, Roraima e parte dos estados de Mato Grosso, do Tocantins e do Maranh\u00e3o.<\/p>\n<p>Publicada no Di\u00e1rio Oficial da Uni\u00e3o de hoje (12), a Portaria 3.693 prorroga a participa\u00e7\u00e3o dos militares nessa frente de a\u00e7\u00f5es que foram refor\u00e7adas com a Garantia da Lei e da Ordem decretada em agosto pelo governo federal para ampliar as equipes de atua\u00e7\u00e3o na Amaz\u00f4nia no combate ao fogo, bem como para investigar il\u00edcitos nas regi\u00f5es afetadas.<\/p>\n<p>Al\u00e9m de priorizar o combate ao desmatamento ilegal, a Opera\u00e7\u00e3o Verde Brasil 2 subsidia a\u00e7\u00f5es na faixa de fronteira, nas terras ind\u00edgenas, nas unidades federais de conserva\u00e7\u00e3o ambiental e em outras \u00e1reas da Amaz\u00f4nia Legal.<\/p>\n<p>A Opera\u00e7\u00e3o Verde Brasil 2 \u00e9 coordenada pela Vice-Presid\u00eancia da Rep\u00fablica, em apoio aos \u00f3rg\u00e3os de controle ambiental e de seguran\u00e7a p\u00fablica. Ela tem como parceiros Pol\u00edcia Federal, Pol\u00edcia Rodovi\u00e1ria Federal, Instituto Brasileiro do Meio Ambiente e dos Recursos Naturais Renov\u00e1veis, Instituto Chico Mendes de Conserva\u00e7\u00e3o da Biodiversidade, For\u00e7a Nacional de Seguran\u00e7a P\u00fablica, Ag\u00eancia Brasileira de Intelig\u00eancia e Centro Gestor e Operacional do Sistema de Prote\u00e7\u00e3o da Amaz\u00f4nia.<\/p>\n<p>Fonte: Ag\u00eancia Brasil \/ Foto: Minist\u00e9rio da Defesa<\/p>\n","protected":false},"excerpt":{"rendered":"<p>A a\u00e7\u00e3o com apoio da FAs se estender\u00e1 at\u00e9 30 de abril de 2021 O Minist\u00e9rio da Defesa prorrogou, at\u00e9 30 de abril de 2021,&#8230;<\/p>\n","protected":false},"author":1182,"featured_media":32485,"comment_status":"closed","ping_status":"closed","sticky":false,"template":"","format":"standard","meta":{"footnotes":""},"categories":[6],"tags":[606,4024,61,4057,2752,2751,894,3349,377,1733,239],"class_list":["post-32479","post","type-post","status-publish","format-standard","has-post-thumbnail","hentry","category-noticias","tag-acao","tag-amazonia-legal","tag-brasil","tag-brasil-verde-2","tag-coronavirus","tag-covid-19","tag-forcas-armadas","tag-fronteira","tag-operacao","tag-protecao","tag-seguranca"],"_links":{"self":[{"href":"https:\/\/www.sincomam.org.br\/index.php\/wp-json\/wp\/v2\/posts\/32479","targetHints":{"allow":["GET"]}}],"collection":[{"href":"https:\/\/www.sincomam.org.br\/index.php\/wp-json\/wp\/v2\/posts"}],"about":[{"href":"https:\/\/www.sincomam.org.br\/index.php\/wp-json\/wp\/v2\/types\/post"}],"author":[{"embeddable":true,"href":"https:\/\/www.sincomam.org.br\/index.php\/wp-json\/wp\/v2\/users\/1182"}],"replies":[{"embeddable":true,"href":"https:\/\/www.sincomam.org.br\/index.php\/wp-json\/wp\/v2\/comments?post=32479"}],"version-history":[{"count":3,"href":"https:\/\/www.sincomam.org.br\/index.php\/wp-json\/wp\/v2\/posts\/32479\/revisions"}],"predecessor-version":[{"id":32487,"href":"https:\/\/www.sincomam.org.br\/index.php\/wp-json\/wp\/v2\/posts\/32479\/revisions\/32487"}],"wp:featuredmedia":[{"embeddable":true,"href":"https:\/\/www.sincomam.org.br\/index.php\/wp-json\/wp\/v2\/media\/32485"}],"wp:attachment":[{"href":"https:\/\/www.sincomam.org.br\/index.php\/wp-json\/wp\/v2\/media?parent=32479"}],"wp:term":[{"taxonomy":"category","embeddable":true,"href":"https:\/\/www.sincomam.org.br\/index.php\/wp-json\/wp\/v2\/categories?post=32479"},{"taxonomy":"post_tag","embeddable":true,"href":"https:\/\/www.sincomam.org.br\/index.php\/wp-json\/wp\/v2\/tags?post=32479"}],"curies":[{"name":"wp","href":"https:\/\/api.w.org\/{rel}","templated":true}]}}