{"id":32477,"date":"2020-11-12T09:49:27","date_gmt":"2020-11-12T12:49:27","guid":{"rendered":"http:\/\/www.sincomam.org.br\/?p=32477"},"modified":"2020-11-12T09:49:27","modified_gmt":"2020-11-12T12:49:27","slug":"beneficiarios-nascidos-em-julho-recebem-hoje-auxilio-emergencial","status":"publish","type":"post","link":"https:\/\/www.sincomam.org.br\/index.php\/beneficiarios-nascidos-em-julho-recebem-hoje-auxilio-emergencial\/","title":{"rendered":"Benefici\u00e1rios nascidos em julho recebem hoje aux\u00edlio emergencial"},"content":{"rendered":"<p><strong><em>Cr\u00e9dito de R$ 1,4 bilh\u00e3o foi liberado para 3,6 milh\u00f5es de pessoas<\/em><\/strong><\/p>\n<p>O cr\u00e9dito do aux\u00edlio emergencial foi liberado hoje (12) para 3,6 milh\u00f5es de brasileiros nascidos em julho. O pagamento chegou a R$ 1,4 bilh\u00e3o e faz parte do ciclo 4.<\/p>\n<p>Desse total, 662,6 mil receber\u00e3o R$ 434,9 milh\u00f5es referentes \u00e0s parcelas do aux\u00edlio emergencial. Os demais, 2,9 milh\u00f5es, ser\u00e3o contemplados com a segunda parcela do aux\u00edlio emergencial residual, em um montante de R$ 956,4 milh\u00f5es.<\/p>\n<p>Os valores podem ser movimentados pelo aplicativo Caixa Tem para pagamento de boletos, compras na internet e pelas maquininhas em mais de 1 milh\u00e3o de estabelecimentos comerciais.<\/p>\n<p>O benef\u00edcio criado em abril pelo Governo Federal foi estendido at\u00e9 31 de dezembro por meio da Medida Provis\u00f3ria (MP) n\u00ba 1000. O Aux\u00edlio Emergencial Extens\u00e3o ser\u00e1 pago em at\u00e9 quatro parcelas de R$ 300 cada e, no caso das m\u00e3es chefes de fam\u00edlia monoparental, o valor \u00e9 de R$ 600.<\/p>\n<p>Segundo a Caixa, n\u00e3o h\u00e1 necessidade de novo requerimento para receber a extens\u00e3o do aux\u00edlio. Somente aqueles que j\u00e1 foram beneficiados e, a partir de agora, se enquadram nos novos requisitos estabelecidos na MP, ter\u00e3o direito a continuar recebendo o benef\u00edcio.<\/p>\n<p>Saques e transfer\u00eancias para quem recebe o cr\u00e9dito nesta quinta-feira ser\u00e3o liberados a partir do dia 26 de novembro.<\/p>\n<p>Fonte: Ag\u00eancia Brasil<\/p>\n","protected":false},"excerpt":{"rendered":"<p>Cr\u00e9dito de R$ 1,4 bilh\u00e3o foi liberado para 3,6 milh\u00f5es de pessoas O cr\u00e9dito do aux\u00edlio emergencial foi liberado hoje (12) para 3,6 milh\u00f5es de&#8230;<\/p>\n","protected":false},"author":1182,"featured_media":29823,"comment_status":"closed","ping_status":"closed","sticky":false,"template":"","format":"standard","meta":{"footnotes":""},"categories":[6],"tags":[1757,2377,432,3401],"class_list":["post-32477","post","type-post","status-publish","format-standard","has-post-thumbnail","hentry","category-noticias","tag-auxilio","tag-beneficio","tag-emergencial","tag-julho"],"_links":{"self":[{"href":"https:\/\/www.sincomam.org.br\/index.php\/wp-json\/wp\/v2\/posts\/32477","targetHints":{"allow":["GET"]}}],"collection":[{"href":"https:\/\/www.sincomam.org.br\/index.php\/wp-json\/wp\/v2\/posts"}],"about":[{"href":"https:\/\/www.sincomam.org.br\/index.php\/wp-json\/wp\/v2\/types\/post"}],"author":[{"embeddable":true,"href":"https:\/\/www.sincomam.org.br\/index.php\/wp-json\/wp\/v2\/users\/1182"}],"replies":[{"embeddable":true,"href":"https:\/\/www.sincomam.org.br\/index.php\/wp-json\/wp\/v2\/comments?post=32477"}],"version-history":[{"count":1,"href":"https:\/\/www.sincomam.org.br\/index.php\/wp-json\/wp\/v2\/posts\/32477\/revisions"}],"predecessor-version":[{"id":32478,"href":"https:\/\/www.sincomam.org.br\/index.php\/wp-json\/wp\/v2\/posts\/32477\/revisions\/32478"}],"wp:featuredmedia":[{"embeddable":true,"href":"https:\/\/www.sincomam.org.br\/index.php\/wp-json\/wp\/v2\/media\/29823"}],"wp:attachment":[{"href":"https:\/\/www.sincomam.org.br\/index.php\/wp-json\/wp\/v2\/media?parent=32477"}],"wp:term":[{"taxonomy":"category","embeddable":true,"href":"https:\/\/www.sincomam.org.br\/index.php\/wp-json\/wp\/v2\/categories?post=32477"},{"taxonomy":"post_tag","embeddable":true,"href":"https:\/\/www.sincomam.org.br\/index.php\/wp-json\/wp\/v2\/tags?post=32477"}],"curies":[{"name":"wp","href":"https:\/\/api.w.org\/{rel}","templated":true}]}}