{"id":32470,"date":"2020-11-11T12:09:22","date_gmt":"2020-11-11T15:09:22","guid":{"rendered":"http:\/\/www.sincomam.org.br\/?p=32470"},"modified":"2020-11-11T12:29:31","modified_gmt":"2020-11-11T15:29:31","slug":"guedes-quer-privatizar-correios-eletrobras-e-porto-de-santos-ate-2021","status":"publish","type":"post","link":"https:\/\/www.sincomam.org.br\/index.php\/guedes-quer-privatizar-correios-eletrobras-e-porto-de-santos-ate-2021\/","title":{"rendered":"Guedes quer privatizar Correios, Eletrobras e Porto de Santos at\u00e9 2021"},"content":{"rendered":"<p>O ministro da economia, Paulo Guedes, afirmou hoje que pretende privatizar at\u00e9 o final do ano que vem os Correios, a Eletrobras, o Porto de Santos e o portf\u00f3lio da PPSA (Pr\u00e9-Sal Petr\u00f3leo), empresa criada pelo governo para negociar contratos de explora\u00e7\u00e3o do pr\u00e9-sal.<\/p>\n<p>Ao participar de f\u00f3rum promovido pela Bloomberg, o ministro afirmou que a privatiza\u00e7\u00e3o dos Correios deve ser a primeira a sair do papel. Segundo ele, dever\u00e1 haver grande interesse do mercado devido ao crescimento do e-commerce brasileiro.<\/p>\n<p>&#8220;Acreditamos que ser\u00e1 um leil\u00e3o de sucesso porque as pessoas est\u00e3o vendendo pela internet mas como entregar se voc\u00ea n\u00e3o tem a coisa f\u00edsica?&#8221;, disse Guedes. &#8220;N\u00f3s precisamos dessa digitaliza\u00e7\u00e3o.&#8221;<\/p>\n<p>Al\u00e9m disso, o governo tem interesse em privatizar os Correios por causa dos esc\u00e2ndalos de corrup\u00e7\u00e3o que atingiram a empresa ao longo dos anos.<\/p>\n<p>Ainda na manh\u00e3 de hoje, o ministro afirmou estar &#8220;bastante frustrado&#8221; com o fato de o governo Jair Bolsonaro n\u00e3o ter conseguido vender nenhuma estatal em dois anos de mandato, mas frisou a necessidade de acelerar esse movimento, bem como a venda de im\u00f3veis da Uni\u00e3o, para abatimento da d\u00edvida p\u00fablica.<\/p>\n<p><strong>Elei\u00e7\u00e3o de Biden<\/strong><\/p>\n<p>Questionado se a elei\u00e7\u00e3o do democrata Joe Biden como novo presidente dos Estados Unidos afetaria as rela\u00e7\u00f5es comerciais com o Brasil, Guedes respondeu que n\u00e3o enxerga essa possibilidade.<\/p>\n<p><em>&#8220;N\u00e3o \u00e9 uma personalidade aqui ou ali que vai afetar a rela\u00e7\u00e3o dessas duas democracias liberais que s\u00e3o parceiras h\u00e1 anos, \u00e9 assim que n\u00f3s enxergamos&#8221;, declarou.<\/em><\/p>\n<p>O presidente Jair Bolsonaro (sem partido) \u00e9 aliado do presidente americano, Donald Trump, que foi derrotado em sua tentativa de reelei\u00e7\u00e3o. Apesar de os principais ve\u00edculos de comunica\u00e7\u00e3o dos EUA terem atribu\u00eddo a vit\u00f3ria a Biden, Trump n\u00e3o reconhece a derrota e diz que vai \u00e0 Justi\u00e7a.<\/p>\n<p>Bolsonaro tamb\u00e9m n\u00e3o reconheceu ainda a vit\u00f3ria de Biden, na contram\u00e3o da maioria dos pa\u00edses da Am\u00e9rica do Sul e Europa.<\/p>\n<p>Fonte: Uol<\/p>\n","protected":false},"excerpt":{"rendered":"<p>O ministro da economia, Paulo Guedes, afirmou hoje que pretende privatizar at\u00e9 o final do ano que vem os Correios, a Eletrobras, o Porto de&#8230;<\/p>\n","protected":false},"author":1182,"featured_media":30594,"comment_status":"closed","ping_status":"closed","sticky":false,"template":"","format":"standard","meta":{"footnotes":""},"categories":[6],"tags":[990,1015,3431,435,1899],"class_list":["post-32470","post","type-post","status-publish","format-standard","has-post-thumbnail","hentry","category-noticias","tag-correios","tag-eletrobras","tag-guedes","tag-porto-de-santos","tag-privatizacao"],"_links":{"self":[{"href":"https:\/\/www.sincomam.org.br\/index.php\/wp-json\/wp\/v2\/posts\/32470","targetHints":{"allow":["GET"]}}],"collection":[{"href":"https:\/\/www.sincomam.org.br\/index.php\/wp-json\/wp\/v2\/posts"}],"about":[{"href":"https:\/\/www.sincomam.org.br\/index.php\/wp-json\/wp\/v2\/types\/post"}],"author":[{"embeddable":true,"href":"https:\/\/www.sincomam.org.br\/index.php\/wp-json\/wp\/v2\/users\/1182"}],"replies":[{"embeddable":true,"href":"https:\/\/www.sincomam.org.br\/index.php\/wp-json\/wp\/v2\/comments?post=32470"}],"version-history":[{"count":1,"href":"https:\/\/www.sincomam.org.br\/index.php\/wp-json\/wp\/v2\/posts\/32470\/revisions"}],"predecessor-version":[{"id":32471,"href":"https:\/\/www.sincomam.org.br\/index.php\/wp-json\/wp\/v2\/posts\/32470\/revisions\/32471"}],"wp:featuredmedia":[{"embeddable":true,"href":"https:\/\/www.sincomam.org.br\/index.php\/wp-json\/wp\/v2\/media\/30594"}],"wp:attachment":[{"href":"https:\/\/www.sincomam.org.br\/index.php\/wp-json\/wp\/v2\/media?parent=32470"}],"wp:term":[{"taxonomy":"category","embeddable":true,"href":"https:\/\/www.sincomam.org.br\/index.php\/wp-json\/wp\/v2\/categories?post=32470"},{"taxonomy":"post_tag","embeddable":true,"href":"https:\/\/www.sincomam.org.br\/index.php\/wp-json\/wp\/v2\/tags?post=32470"}],"curies":[{"name":"wp","href":"https:\/\/api.w.org\/{rel}","templated":true}]}}