{"id":32462,"date":"2020-11-11T10:15:14","date_gmt":"2020-11-11T13:15:14","guid":{"rendered":"http:\/\/www.sincomam.org.br\/?p=32462"},"modified":"2020-11-11T10:15:14","modified_gmt":"2020-11-11T13:15:14","slug":"governo-libera-recursos-para-acoes-de-defesa-civil-no-amapa","status":"publish","type":"post","link":"https:\/\/www.sincomam.org.br\/index.php\/governo-libera-recursos-para-acoes-de-defesa-civil-no-amapa\/","title":{"rendered":"Governo libera recursos para a\u00e7\u00f5es de defesa civil no Amap\u00e1"},"content":{"rendered":"<p><strong><em>Dinheiro ser\u00e1 utilizado para superar crise energ\u00e9tica no estado<\/em><\/strong><\/p>\n<p>O governo federal liberou R$ 21,6 milh\u00f5es para a\u00e7\u00f5es de Defesa Civil no Amap\u00e1. O estado enfrenta problemas no fornecimento de energia el\u00e9trica desde o dia 3 de novembro, quando um inc\u00eandio em uma subesta\u00e7\u00e3o provocou um apag\u00e3o em 13 dos 16 munic\u00edpios do estado, incluindo a capital Macap\u00e1. Com isso, outros servi\u00e7os \u00e0 popula\u00e7\u00e3o tamb\u00e9m foram prejudicados, como fornecimento de \u00e1gua e comunica\u00e7\u00f5es, al\u00e9m do impacto em setores essenciais, como sa\u00fade e seguran\u00e7a p\u00fablica.<\/p>\n<p>A libera\u00e7\u00e3o dos recursos foi autorizada por meio de duas portarias do Minist\u00e9rio do Desenvolvimento Regional, publicadas ontem (10) em edi\u00e7\u00e3o extra do Di\u00e1rio Oficial da Uni\u00e3o. Em publica\u00e7\u00e3o nas redes sociais, o governador do Amap\u00e1, Waldez G\u00f3es, informou que os recursos ser\u00e3o utilizados para loca\u00e7\u00e3o de geradores e compra de combust\u00edvel.<\/p>\n<p>De acordo com o \u00faltimo comunicado do Minist\u00e9rio de Minas e Energia, na segunda-feira (9) foi poss\u00edvel alcan\u00e7ar cerca de 70% do atendimento de energia ao estado. At\u00e9 que a capacidade operacional seja totalmente restabelecida, o fornecimento ser\u00e1 permanente para \u00e1reas priorit\u00e1rias, como hospitais e abastecimento de \u00e1gua. Para os demais consumidores haver\u00e1 rod\u00edzio, considerando a capacidade de atendimento.<\/p>\n<p>Fonte: Ag\u00eancia Brasil<\/p>\n","protected":false},"excerpt":{"rendered":"<p>Dinheiro ser\u00e1 utilizado para superar crise energ\u00e9tica no estado O governo federal liberou R$ 21,6 milh\u00f5es para a\u00e7\u00f5es de Defesa Civil no Amap\u00e1. O estado&#8230;<\/p>\n","protected":false},"author":1182,"featured_media":5319,"comment_status":"closed","ping_status":"closed","sticky":false,"template":"","format":"standard","meta":{"footnotes":""},"categories":[6],"tags":[590,452,1268,3604,424,192,325,977],"class_list":["post-32462","post","type-post","status-publish","format-standard","has-post-thumbnail","hentry","category-noticias","tag-acoes","tag-agua","tag-amapa","tag-defesa-civil","tag-energia","tag-governo","tag-liberacao","tag-recursos"],"_links":{"self":[{"href":"https:\/\/www.sincomam.org.br\/index.php\/wp-json\/wp\/v2\/posts\/32462","targetHints":{"allow":["GET"]}}],"collection":[{"href":"https:\/\/www.sincomam.org.br\/index.php\/wp-json\/wp\/v2\/posts"}],"about":[{"href":"https:\/\/www.sincomam.org.br\/index.php\/wp-json\/wp\/v2\/types\/post"}],"author":[{"embeddable":true,"href":"https:\/\/www.sincomam.org.br\/index.php\/wp-json\/wp\/v2\/users\/1182"}],"replies":[{"embeddable":true,"href":"https:\/\/www.sincomam.org.br\/index.php\/wp-json\/wp\/v2\/comments?post=32462"}],"version-history":[{"count":1,"href":"https:\/\/www.sincomam.org.br\/index.php\/wp-json\/wp\/v2\/posts\/32462\/revisions"}],"predecessor-version":[{"id":32463,"href":"https:\/\/www.sincomam.org.br\/index.php\/wp-json\/wp\/v2\/posts\/32462\/revisions\/32463"}],"wp:featuredmedia":[{"embeddable":true,"href":"https:\/\/www.sincomam.org.br\/index.php\/wp-json\/wp\/v2\/media\/5319"}],"wp:attachment":[{"href":"https:\/\/www.sincomam.org.br\/index.php\/wp-json\/wp\/v2\/media?parent=32462"}],"wp:term":[{"taxonomy":"category","embeddable":true,"href":"https:\/\/www.sincomam.org.br\/index.php\/wp-json\/wp\/v2\/categories?post=32462"},{"taxonomy":"post_tag","embeddable":true,"href":"https:\/\/www.sincomam.org.br\/index.php\/wp-json\/wp\/v2\/tags?post=32462"}],"curies":[{"name":"wp","href":"https:\/\/api.w.org\/{rel}","templated":true}]}}