{"id":32449,"date":"2020-11-10T12:11:38","date_gmt":"2020-11-10T15:11:38","guid":{"rendered":"http:\/\/www.sincomam.org.br\/?p=32449"},"modified":"2020-11-10T12:11:38","modified_gmt":"2020-11-10T15:11:38","slug":"porto-de-suape-completa-42-anos-com-recorde-de-movimentacao","status":"publish","type":"post","link":"https:\/\/www.sincomam.org.br\/index.php\/porto-de-suape-completa-42-anos-com-recorde-de-movimentacao\/","title":{"rendered":"Porto de Suape completa 42 anos com recorde de movimenta\u00e7\u00e3o"},"content":{"rendered":"<p><strong><em>Volume de cargas neste ano \u00e9 o maior desde a inaugura\u00e7\u00e3o do Complexo<\/em><\/strong><\/p>\n<p>O Complexo Industrial Portu\u00e1rio de Suape chegou aos 42 anos de exist\u00eancia com recordes de movimenta\u00e7\u00e3o, atraindo novos neg\u00f3cios e passando por uma grande transforma\u00e7\u00e3o digital e socioambiental. Entre novas empresas instaladas e amplia\u00e7\u00f5es, R$ 696,5 milh\u00f5es em investimentos privados est\u00e3o sendo alocados no territ\u00f3rio.<\/p>\n<p>At\u00e9 setembro de 2020, Suape ocupava o quinto lugar entre os portos p\u00fablicos, conforme dados da Ag\u00eancia Nacional de Transportes Aquavi\u00e1rios (Antaq), e obteve um crescimento de 7% na movimenta\u00e7\u00e3o portu\u00e1ria em compara\u00e7\u00e3o com o per\u00edodo de janeiro a setembro de 2019. Foram 18.743.032 de toneladas movimentadas, o maior volume de cargas j\u00e1 movimentadas na hist\u00f3ria do porto, em plena pandemia.<\/p>\n<p><em>&#8220;Nesse ano at\u00edpico, passamos por uma s\u00e9rie de mudan\u00e7as para garantir o abastecimento da popula\u00e7\u00e3o e a seguran\u00e7a dos trabalhadores portu\u00e1rios. Tem sido um per\u00edodo de muitas parcerias, muita articula\u00e7\u00e3o, criatividade e trabalho duro, que v\u00eam garantindo n\u00e3o s\u00f3 excelentes resultados na movimenta\u00e7\u00e3o de cargas, mas o andamento de quase todos os nossos projetos. Gra\u00e7as ao apoio de toda a comunidade portu\u00e1ria e da sensibilidade do Governo do Estado e Secretaria de Desenvolvimento Econ\u00f4mico, que v\u00eam tratando esse momento de crise com tanta responsabilidade e compet\u00eancia, Suape chega aos 42 anos como um term\u00f4metro de que a economia de Pernambuco vai bem e no rumo certo&#8221;, afirmou o presidente de Suape, Leonardo Cerquinho, em nota.<\/em><\/p>\n<p>O Porto de Suape aparece em primeiro lugar na movimenta\u00e7\u00e3o de cabotagem (entre portos do mesmo pa\u00eds), com 12.412.046 de toneladas movimentadas entre janeiro e setembro &#8211; 10,5% a mais que no mesmo per\u00edodo do ano passado. Tamb\u00e9m mant\u00e9m a lideran\u00e7a na movimenta\u00e7\u00e3o de gran\u00e9is l\u00edquidos no pa\u00eds, com aumento de 8,5% at\u00e9 setembro, somando 14.032.515 de toneladas. No Nordeste, \u00e9 l\u00edder no embarque e desembarque de cont\u00eaineres e de ve\u00edculos.<\/p>\n<p>Entre os investimentos previstos em novos terminais, est\u00e1 a instala\u00e7\u00e3o de um Terminal de G\u00e1s Natural Liquefeito (GNL) pela Golar Power, com investimento de R$ 1,8 bilh\u00e3o, no primeiro trimestre.<\/p>\n<p><strong>Transforma\u00e7\u00e3o digital<\/strong><\/p>\n<p>A empresa adotou uma s\u00e9rie de ferramentas de gest\u00e3o que tornaram o servi\u00e7o mais produtivo, transparente e seguro. Uma delas \u00e9 o SuapeGeo, plataforma de tecnologia de geoprocessamento e geolocaliza\u00e7\u00e3o voltada para estudos e informa\u00e7\u00f5es sobre o territ\u00f3rio de Suape.<\/p>\n<p><strong>Social<\/strong><\/p>\n<p>V\u00e1rios projetos direcionados ao fomento do desenvolvimento social e gera\u00e7\u00e3o de renda para agricultores, artes\u00e3os e fam\u00edlias que vivem em comunidades consolidadas no territ\u00f3rio de Suape est\u00e3o em andamento. Com destaque para a parceria com o Servi\u00e7o de Tecnologia Alternativa (Serta) e a Organiza\u00e7\u00e3o da Sociedade Civil de Interesse P\u00fablico (Oscip), que vem formando pessoas para implementa\u00e7\u00e3o de novas tecnologias. J\u00e1 foram beneficiadas as comunidades de Nova Vila Claudete, Massangana, Gaibu e os assentamentos Bruno Maranh\u00e3o (Sacambu) e Ximenes. O investimento \u00e9 de R$ 1 milh\u00e3o.<\/p>\n<p>*Com informa\u00e7\u00f5es Porto de Suape \/Foto: Rafael Medeiros<\/p>\n","protected":false},"excerpt":{"rendered":"<p>Volume de cargas neste ano \u00e9 o maior desde a inaugura\u00e7\u00e3o do Complexo O Complexo Industrial Portu\u00e1rio de Suape chegou aos 42 anos de exist\u00eancia&#8230;<\/p>\n","protected":false},"author":1182,"featured_media":32450,"comment_status":"closed","ping_status":"closed","sticky":false,"template":"","format":"standard","meta":{"footnotes":""},"categories":[6],"tags":[],"class_list":["post-32449","post","type-post","status-publish","format-standard","has-post-thumbnail","hentry","category-noticias"],"_links":{"self":[{"href":"https:\/\/www.sincomam.org.br\/index.php\/wp-json\/wp\/v2\/posts\/32449","targetHints":{"allow":["GET"]}}],"collection":[{"href":"https:\/\/www.sincomam.org.br\/index.php\/wp-json\/wp\/v2\/posts"}],"about":[{"href":"https:\/\/www.sincomam.org.br\/index.php\/wp-json\/wp\/v2\/types\/post"}],"author":[{"embeddable":true,"href":"https:\/\/www.sincomam.org.br\/index.php\/wp-json\/wp\/v2\/users\/1182"}],"replies":[{"embeddable":true,"href":"https:\/\/www.sincomam.org.br\/index.php\/wp-json\/wp\/v2\/comments?post=32449"}],"version-history":[{"count":1,"href":"https:\/\/www.sincomam.org.br\/index.php\/wp-json\/wp\/v2\/posts\/32449\/revisions"}],"predecessor-version":[{"id":32451,"href":"https:\/\/www.sincomam.org.br\/index.php\/wp-json\/wp\/v2\/posts\/32449\/revisions\/32451"}],"wp:featuredmedia":[{"embeddable":true,"href":"https:\/\/www.sincomam.org.br\/index.php\/wp-json\/wp\/v2\/media\/32450"}],"wp:attachment":[{"href":"https:\/\/www.sincomam.org.br\/index.php\/wp-json\/wp\/v2\/media?parent=32449"}],"wp:term":[{"taxonomy":"category","embeddable":true,"href":"https:\/\/www.sincomam.org.br\/index.php\/wp-json\/wp\/v2\/categories?post=32449"},{"taxonomy":"post_tag","embeddable":true,"href":"https:\/\/www.sincomam.org.br\/index.php\/wp-json\/wp\/v2\/tags?post=32449"}],"curies":[{"name":"wp","href":"https:\/\/api.w.org\/{rel}","templated":true}]}}