{"id":32430,"date":"2020-11-09T09:50:21","date_gmt":"2020-11-09T12:50:21","guid":{"rendered":"http:\/\/www.sincomam.org.br\/?p=32430"},"modified":"2020-11-09T09:50:21","modified_gmt":"2020-11-09T12:50:21","slug":"pfizer-afirma-que-sua-vacina-contra-covid-19-e-90-eficaz","status":"publish","type":"post","link":"https:\/\/www.sincomam.org.br\/index.php\/pfizer-afirma-que-sua-vacina-contra-covid-19-e-90-eficaz\/","title":{"rendered":"Pfizer afirma que sua vacina contra covid-19 \u00e9 90% eficaz"},"content":{"rendered":"<p><strong><em>A farmac\u00eautica \u00e9 a primeira a anunciar dados bem-sucedidos de um ensaio cl\u00ednico em larga escala de uma candidata \u00e0 vacina contra o coronav\u00edrus<\/em><\/strong><\/p>\n<p>A Pfizer afirmou nesta segunda-feira (9) que sua vacina experimental contra a covid-19 mostrou ser 90% eficaz na preven\u00e7\u00e3o da doen\u00e7a com base em dados iniciais de um estudo amplo, numa grande vit\u00f3ria na luta contra uma pandemia que matou mais de 1 milh\u00e3o de pessoas, abalou a economia global e impactou o cotidiano das pessoas.<\/p>\n<p>A Pfizer e sua parceira alem\u00e3 BioNTech s\u00e3o as primeiras farmac\u00eauticas a anunciarem dados bem-sucedidos de um ensaio cl\u00ednico em larga escala com uma potencial vacina contra o coronav\u00edrus. As empresas disseram que at\u00e9 o momento n\u00e3o encontraram nenhuma preocupa\u00e7\u00e3o de seguran\u00e7a com a candidata a imunizante e que esperam pedir autoriza\u00e7\u00e3o para uso emergencial da vacina nos Estados Unidos neste m\u00eas.<\/p>\n<p>Se obtiver a autoriza\u00e7\u00e3o, o n\u00famero de doses da vacina ser\u00e1 limitado inicialmente. Uma das quest\u00f5es pendentes \u00e9 por quanto tempo a vacina fornecer\u00e1 prote\u00e7\u00e3o. No entanto, a not\u00edcia divulgada d\u00e1 esperan\u00e7as de que outras vacinas em desenvolvimento contra o novo coronav\u00edrus tamb\u00e9m possam se mostrar eficazes.<\/p>\n<p><em>&#8220;Hoje \u00e9 um grande dia para a ci\u00eancia e para a humanidade&#8221;, disse Albert Bourla, presidente-executivo e chairman da Pfizer, em comunicado. &#8220;Estamos atingindo este marco crucial em nosso programa de desenvolvimento de vacina em um momento em que o mundo mais precisa, com as taxas de infec\u00e7\u00e3o atingindo novos recordes, hospitais ficando superlotados e economias sofrendo para reabrir.&#8221;<\/em><\/p>\n<p><strong>Testes<\/strong><\/p>\n<p>A Pfizer vai testar sua vacina contra a covid-19 em jovens a partir dos 12 anos, segundo divulgado pela rede de TV norte-americana CNN. A empresa teria recebido autoriza\u00e7\u00e3o da FDA (<em>Food and Drug Administration<\/em>), \u00f3rg\u00e3o que regulamenta medicamentos e alimentos nos EUA, para a realiza\u00e7\u00e3o dos testes.<\/p>\n<p>Os testes da vacina da Pfizer est\u00e3o sendo realizados no Brasil pelos institutos Cepic (Centro Paulista de Investiga\u00e7\u00e3o Cl\u00ednica), em S\u00e3o Paulo, e pela Institui\u00e7\u00e3o Obras Sociais Irm\u00e3 Dulce, em Salvador.<\/p>\n<p><em>&#8220;Alguns pa\u00edses participantes do estudo fase 3 da potencial vacina da Pfizer contra a covid-19, incluindo o Brasil, est\u00e3o contemplando participantes com idade a partir de 16 anos&#8221;, informou a Pfizer no Brasil por meio de comunicado.<\/em><\/p>\n<p>Fonte: Reuters \/R7<\/p>\n","protected":false},"excerpt":{"rendered":"<p>A farmac\u00eautica \u00e9 a primeira a anunciar dados bem-sucedidos de um ensaio cl\u00ednico em larga escala de uma candidata \u00e0 vacina contra o coronav\u00edrus A&#8230;<\/p>\n","protected":false},"author":1182,"featured_media":29316,"comment_status":"closed","ping_status":"closed","sticky":false,"template":"","format":"standard","meta":{"footnotes":""},"categories":[6],"tags":[2752,2751,4045,674],"class_list":["post-32430","post","type-post","status-publish","format-standard","has-post-thumbnail","hentry","category-noticias","tag-coronavirus","tag-covid-19","tag-pfizer","tag-vacina"],"_links":{"self":[{"href":"https:\/\/www.sincomam.org.br\/index.php\/wp-json\/wp\/v2\/posts\/32430","targetHints":{"allow":["GET"]}}],"collection":[{"href":"https:\/\/www.sincomam.org.br\/index.php\/wp-json\/wp\/v2\/posts"}],"about":[{"href":"https:\/\/www.sincomam.org.br\/index.php\/wp-json\/wp\/v2\/types\/post"}],"author":[{"embeddable":true,"href":"https:\/\/www.sincomam.org.br\/index.php\/wp-json\/wp\/v2\/users\/1182"}],"replies":[{"embeddable":true,"href":"https:\/\/www.sincomam.org.br\/index.php\/wp-json\/wp\/v2\/comments?post=32430"}],"version-history":[{"count":1,"href":"https:\/\/www.sincomam.org.br\/index.php\/wp-json\/wp\/v2\/posts\/32430\/revisions"}],"predecessor-version":[{"id":32431,"href":"https:\/\/www.sincomam.org.br\/index.php\/wp-json\/wp\/v2\/posts\/32430\/revisions\/32431"}],"wp:featuredmedia":[{"embeddable":true,"href":"https:\/\/www.sincomam.org.br\/index.php\/wp-json\/wp\/v2\/media\/29316"}],"wp:attachment":[{"href":"https:\/\/www.sincomam.org.br\/index.php\/wp-json\/wp\/v2\/media?parent=32430"}],"wp:term":[{"taxonomy":"category","embeddable":true,"href":"https:\/\/www.sincomam.org.br\/index.php\/wp-json\/wp\/v2\/categories?post=32430"},{"taxonomy":"post_tag","embeddable":true,"href":"https:\/\/www.sincomam.org.br\/index.php\/wp-json\/wp\/v2\/tags?post=32430"}],"curies":[{"name":"wp","href":"https:\/\/api.w.org\/{rel}","templated":true}]}}