{"id":3243,"date":"2014-02-07T08:45:34","date_gmt":"2014-02-07T10:45:34","guid":{"rendered":"http:\/\/www.sincomam.org.br\/?p=3243"},"modified":"2014-02-07T09:54:34","modified_gmt":"2014-02-07T11:54:34","slug":"onda-de-calor-no-brasil-deve-chegar-ao-fim-na-proxima-semana","status":"publish","type":"post","link":"https:\/\/www.sincomam.org.br\/index.php\/onda-de-calor-no-brasil-deve-chegar-ao-fim-na-proxima-semana\/","title":{"rendered":"Onda de calor no Brasil deve chegar ao fim na pr\u00f3xima semana"},"content":{"rendered":"<p><em><strong>Frente fria deve chegar na segunda quinzena de fevereiro<\/strong><\/em><\/p>\n<p>A onda de calor que atinge as regi\u00f5es Sul e Sudeste do Brasil poder\u00e1 perder for\u00e7a na pr\u00f3xima semana, segundo informa\u00e7\u00f5es da Climatempo. Simula\u00e7\u00f5es atmosf\u00e9ricas feitas em supercomputadores confirmam o in\u00edcio do rompimento do bloqueio atmosf\u00e9rico por uma frente fria para o in\u00edcio da segunda quinzena de fevereiro.<\/p>\n<p>A frente fria que come\u00e7a a mudar as condi\u00e7\u00f5es atmosf\u00e9ricas deve chegar ao Sul do Brasil entre os dias 13 e 15 de fevereiro. Este sistema n\u00e3o chega ao Sudeste, mas abre o caminho para uma segunda frente fria, que deve influenciar o Sudeste a partir do dia 17 de fevereiro.<\/p>\n<p>A not\u00edcia \u00e9 boa para quem aguarda o retorno das chuvas. Segundo as previs\u00f5es, profundas mudan\u00e7as na circula\u00e7\u00e3o atmosf\u00e9rica sobre o centro-sul do Brasil s\u00e3o esperadas para a segunda quinzena de fevereiro. O fluxo de ventos muda e o ar \u00famido e quente da Regi\u00e3o Norte volta a ser transportado para o Sudeste. O aumento da umidade e a queda da press\u00e3o do ar v\u00e3o permitir a forma\u00e7\u00e3o das \u00e1reas de chuva.<\/p>\n<p>A falta de chuva dos \u00faltimos meses fez com que a Sabesp, companhia de abastecimento de \u00e1gua de S\u00e3o Paulo, pedisse para a popula\u00e7\u00e3o economizar \u00e1gua, j\u00e1 que os n\u00edveis em alguns reservat\u00f3rios atingiram n\u00fameros alarmantes. Nesta sexta, o reservat\u00f3rio do Sistema Cantareira, que abastece a capital e parte da regi\u00e3o metropolitana, registrava apenas 20,6% de volume armazenado.<\/p>\n<p>As altas temperaturas ainda mudaram uma tradi\u00e7\u00e3o no Tribunal de Justi\u00e7a de S\u00e3o Paulo. Uma decis\u00e3o da presid\u00eancia do \u00f3rg\u00e3o autorizou a mudan\u00e7a da vestimenta oficial nas depend\u00eancias dos f\u00f3runs e tribunais de Justi\u00e7a at\u00e9 o dia 21 de mar\u00e7o. A partir de agora, ju\u00edzes, advogados e demais servidores p\u00fablicos podem optar pela n\u00e3o utiliza\u00e7\u00e3o de palet\u00f3 e gravata durante o exerc\u00edcio de suas profiss\u00f5es.<\/p>\n<p><b>Calor fora do normal<\/b><\/p>\n<p>A cidade de S\u00e3o Paulo fechou o m\u00eas de janeiro com as maiores temperaturas j\u00e1 registradas pelo o Instituto Nacional de Meteorologia (Inmet) desde 1943. Nos primeiros 30 dias do ano, a temperatura m\u00e1xima ficou abaixo dos 30\u00b0C em apenas cinco dias.<\/p>\n<p>Ontem, a cidade de Porto Alegre registrou uma temperatura hist\u00f3rica. De acordo com o Sistema Metroclima da prefeitura, a capital ga\u00facha anotou 42,6\u00b0C \u00e0s 17h40 na esta\u00e7\u00e3o meteorol\u00f3gica localizada na avenida Sert\u00f3rio, na zona norte da cidade. De acordo com Climatempo, os \u00faltimos recordes de temperatura foram registrados nos dias 17 de fevereiro de 1929 (40,4\u00b0C) e 1\u00b0 de janeiro de 1943 (40,7\u00b0C).<\/p>\n<p>Essa onda de calor surge em consequ\u00eancia das condi\u00e7\u00f5es oce\u00e2nicas-atmosf\u00e9ricas muito fora dos padr\u00f5es normais para o ver\u00e3o do Hemisf\u00e9rio Sul, que geraram uma situa\u00e7\u00e3o de bloqueio, que h\u00e1 tr\u00eas semanas impede que as frentes frias com seu ar polar avancem sobre o centro-sul do Brasil.<\/p>\n<p>A atmosfera est\u00e1 muito quente e seca, o que n\u00e3o \u00e9 comum nesta \u00e9poca, onde a maior parte do Brasil tem dias \u00famidos e com chuva frequente.<\/p>\n<p>Fonte: Portal Terra<\/p>\n","protected":false},"excerpt":{"rendered":"<p>Frente fria deve chegar na segunda quinzena de fevereiro A onda de calor que atinge as regi\u00f5es Sul e Sudeste do Brasil poder\u00e1 perder for\u00e7a&#8230;<\/p>\n","protected":false},"author":1182,"featured_media":3246,"comment_status":"closed","ping_status":"closed","sticky":false,"template":"","format":"standard","meta":{"footnotes":""},"categories":[6],"tags":[362,363,364,365,59,366],"class_list":["post-3243","post","type-post","status-publish","format-standard","has-post-thumbnail","hentry","category-noticias","tag-calor","tag-frio","tag-onda","tag-porto-alegre","tag-rio-de-janeiro","tag-sao-paulo"],"_links":{"self":[{"href":"https:\/\/www.sincomam.org.br\/index.php\/wp-json\/wp\/v2\/posts\/3243","targetHints":{"allow":["GET"]}}],"collection":[{"href":"https:\/\/www.sincomam.org.br\/index.php\/wp-json\/wp\/v2\/posts"}],"about":[{"href":"https:\/\/www.sincomam.org.br\/index.php\/wp-json\/wp\/v2\/types\/post"}],"author":[{"embeddable":true,"href":"https:\/\/www.sincomam.org.br\/index.php\/wp-json\/wp\/v2\/users\/1182"}],"replies":[{"embeddable":true,"href":"https:\/\/www.sincomam.org.br\/index.php\/wp-json\/wp\/v2\/comments?post=3243"}],"version-history":[{"count":1,"href":"https:\/\/www.sincomam.org.br\/index.php\/wp-json\/wp\/v2\/posts\/3243\/revisions"}],"predecessor-version":[{"id":3247,"href":"https:\/\/www.sincomam.org.br\/index.php\/wp-json\/wp\/v2\/posts\/3243\/revisions\/3247"}],"wp:featuredmedia":[{"embeddable":true,"href":"https:\/\/www.sincomam.org.br\/index.php\/wp-json\/wp\/v2\/media\/3246"}],"wp:attachment":[{"href":"https:\/\/www.sincomam.org.br\/index.php\/wp-json\/wp\/v2\/media?parent=3243"}],"wp:term":[{"taxonomy":"category","embeddable":true,"href":"https:\/\/www.sincomam.org.br\/index.php\/wp-json\/wp\/v2\/categories?post=3243"},{"taxonomy":"post_tag","embeddable":true,"href":"https:\/\/www.sincomam.org.br\/index.php\/wp-json\/wp\/v2\/tags?post=3243"}],"curies":[{"name":"wp","href":"https:\/\/api.w.org\/{rel}","templated":true}]}}