{"id":32419,"date":"2020-11-09T08:56:41","date_gmt":"2020-11-09T11:56:41","guid":{"rendered":"http:\/\/www.sincomam.org.br\/?p=32419"},"modified":"2020-11-09T08:56:41","modified_gmt":"2020-11-09T11:56:41","slug":"biden-comeca-a-planejar-governo-trabalho-tem-inicio-imediatamente","status":"publish","type":"post","link":"https:\/\/www.sincomam.org.br\/index.php\/biden-comeca-a-planejar-governo-trabalho-tem-inicio-imediatamente\/","title":{"rendered":"Biden come\u00e7a a planejar governo: &#8220;trabalho tem in\u00edcio imediatamente&#8221;"},"content":{"rendered":"<p><strong><em>Presidente eleito e assessores trabalharam no domingo (8)<\/em><\/strong><\/p>\n<p>Um dia depois de conquistar a Presid\u00eancia dos Estados Unidos (EUA), o democrata Joe Biden e seus assessores trabalharam nesse domingo (8) sobre como lidar com a crise do novo coronav\u00edrus, ao mesmo tempo em que refor\u00e7aram a inten\u00e7\u00e3o de contornar as enormes divis\u00f5es pol\u00edticas no pa\u00eds.<\/p>\n<p>O republicano Donald Trump, primeiro presidente em exerc\u00edcio dos EUA a perder uma disputa \u00e0 reelei\u00e7\u00e3o em 28 anos, n\u00e3o deu nenhuma indica\u00e7\u00e3o de admitir a derrota, enquanto sua equipe eleitoral avan\u00e7ava com disputas jur\u00eddicas contra o resultado.<\/p>\n<p>Em demonstra\u00e7\u00e3o da dif\u00edcil batalha que Biden enfrentar\u00e1 depois de assumir o cargo em 20 de janeiro, no trabalho com parlamentares do partido de Trump, os principais republicanos no Congresso ainda n\u00e3o haviam reconhecido o ex-vice-presidente como vencedor.<\/p>\n<p>Em discurso em seu estado natal, Delaware, na noite de s\u00e1bado (7), Biden enviou mensagem de unidade e concilia\u00e7\u00e3o, declarando que \u00e9 &#8220;hora de curar&#8221; o pa\u00eds e de alcan\u00e7ar norte-americanos que votaram em Trump e republicanos no Congresso.<\/p>\n<p><em>&#8220;O trabalho come\u00e7a imediatamente&#8221;, disse a vice-gerente de campanha de Biden, Kate Bedingfield, no domingo, ao programa Meet the Press, da NBC.<\/em><\/p>\n<p>Biden deixou claro, no s\u00e1bado, que combater a pandemia \u00e9 uma prioridade. Bedingfield disse que Biden planeja lan\u00e7ar uma for\u00e7a-tarefa contra o novo coronav\u00edrus nesta segunda-feira (9) para tra\u00e7ar o caminho a seguir, liderada pelo ex-cirurgi\u00e3o-geral Vivek Murthy e pelo ex-comiss\u00e1rio da Food and Drug Administration David Kessler.<\/p>\n<p>Ao abordar a pandemia, Biden prometeu melhorar o acesso aos testes e, ao contr\u00e1rio de Trump, acatar os conselhos de cientistas e importantes autoridades da sa\u00fade p\u00fablica.<\/p>\n<p>Cerca de 10 milh\u00f5es de norte-americanos que perderam o emprego durante o confinamento permanecem inativos, e os programas de ajuda federal expiraram.<\/p>\n<p>Biden e seus assessores tamb\u00e9m seguir\u00e3o em frente com o trabalho de escolha das autoridades que far\u00e3o parte do governo.<\/p>\n<p><em>&#8220;Ele vai come\u00e7ar o trabalho de transi\u00e7\u00e3o para valer esta semana&#8221;, afirmou Bedingfield. &#8220;Ele far\u00e1 an\u00fancios ao povo americano sobre como vai cumprir essas promessas de campanha.&#8221;<\/em><\/p>\n<p>Bedingfield acrescentou que Biden vai &#8220;realizar um mandato para unir o pa\u00eds &#8211; para unificar, baixar a temperatura, deixar de lado a dura ret\u00f3rica da campanha e realizar o \u00e1rduo trabalho de governar&#8221;.<\/p>\n<p>Fonte: Ag\u00eancia Brasil \/ Foto:Twitter Biden<\/p>\n","protected":false},"excerpt":{"rendered":"<p>Presidente eleito e assessores trabalharam no domingo (8) Um dia depois de conquistar a Presid\u00eancia dos Estados Unidos (EUA), o democrata Joe Biden e seus&#8230;<\/p>\n","protected":false},"author":1182,"featured_media":32420,"comment_status":"closed","ping_status":"closed","sticky":false,"template":"","format":"standard","meta":{"footnotes":""},"categories":[6],"tags":[4041,266,314,554],"class_list":["post-32419","post","type-post","status-publish","format-standard","has-post-thumbnail","hentry","category-noticias","tag-biden","tag-eua","tag-presidente","tag-trabalho"],"_links":{"self":[{"href":"https:\/\/www.sincomam.org.br\/index.php\/wp-json\/wp\/v2\/posts\/32419","targetHints":{"allow":["GET"]}}],"collection":[{"href":"https:\/\/www.sincomam.org.br\/index.php\/wp-json\/wp\/v2\/posts"}],"about":[{"href":"https:\/\/www.sincomam.org.br\/index.php\/wp-json\/wp\/v2\/types\/post"}],"author":[{"embeddable":true,"href":"https:\/\/www.sincomam.org.br\/index.php\/wp-json\/wp\/v2\/users\/1182"}],"replies":[{"embeddable":true,"href":"https:\/\/www.sincomam.org.br\/index.php\/wp-json\/wp\/v2\/comments?post=32419"}],"version-history":[{"count":1,"href":"https:\/\/www.sincomam.org.br\/index.php\/wp-json\/wp\/v2\/posts\/32419\/revisions"}],"predecessor-version":[{"id":32421,"href":"https:\/\/www.sincomam.org.br\/index.php\/wp-json\/wp\/v2\/posts\/32419\/revisions\/32421"}],"wp:featuredmedia":[{"embeddable":true,"href":"https:\/\/www.sincomam.org.br\/index.php\/wp-json\/wp\/v2\/media\/32420"}],"wp:attachment":[{"href":"https:\/\/www.sincomam.org.br\/index.php\/wp-json\/wp\/v2\/media?parent=32419"}],"wp:term":[{"taxonomy":"category","embeddable":true,"href":"https:\/\/www.sincomam.org.br\/index.php\/wp-json\/wp\/v2\/categories?post=32419"},{"taxonomy":"post_tag","embeddable":true,"href":"https:\/\/www.sincomam.org.br\/index.php\/wp-json\/wp\/v2\/tags?post=32419"}],"curies":[{"name":"wp","href":"https:\/\/api.w.org\/{rel}","templated":true}]}}