{"id":32397,"date":"2020-11-03T17:24:59","date_gmt":"2020-11-03T20:24:59","guid":{"rendered":"http:\/\/www.sincomam.org.br\/?p=32397"},"modified":"2020-11-03T17:25:36","modified_gmt":"2020-11-03T20:25:36","slug":"32397","status":"publish","type":"post","link":"https:\/\/www.sincomam.org.br\/index.php\/32397\/","title":{"rendered":"Investimentos t\u00eam alta de 2,2% no pa\u00eds em agosto, aponta Ipea"},"content":{"rendered":"<p>O pa\u00eds registrou um aumento de 2,2% nos investimentos no m\u00eas de agosto, comparado a julho. O indicador foi divulgado pelo Instituto de Pesquisa Econ\u00f4mica Aplicada (Ipea) nesta ter\u00e7a-feira (3). O destaque foi o setor da constru\u00e7\u00e3o civil, que apresentou crescimento de 16,6% no trimestre m\u00f3vel.<img decoding=\"async\" src=\"https:\/\/agenciabrasil.ebc.com.br\/ebc.png?id=1392137&amp;o=node\" \/><img decoding=\"async\" src=\"https:\/\/agenciabrasil.ebc.com.br\/ebc.gif?id=1392137&amp;o=node\" \/><\/p>\n<p><em>\u201cO indicador de investimentos em constru\u00e7\u00e3o civil avan\u00e7ou 3,2% em agosto, na s\u00e9rie dessazonalizada. O resultado sucedeu altas de 8,2% e 2,8% nos meses de julho e junho, respectivamente. Com isso, o segmento registrou um crescimento de 16,6% no trimestre m\u00f3vel. Por sua vez, os outros ativos fixos fecharam o m\u00eas com queda de 1,2%\u201d, ressaltou o Ipea em nota.<\/em><\/p>\n<p>Segundo o instituto, j\u00e1 na compara\u00e7\u00e3o com agosto de 2019, os resultados foram heterog\u00eaneos. Enquanto a constru\u00e7\u00e3o civil apresentou alta de 7,3%, houve recuo nos segmentos de m\u00e1quinas e equipamentos (10,3%) e outros ativos fixos (7,4%).<\/p>\n<p>Os dados fazem parte do Indicador Ipea Mensal de Forma\u00e7\u00e3o Bruta de Capital Fixo (FBCF).<\/p>\n<p>O FBCF mede os investimentos no aumento da capacidade produtiva da economia e na reposi\u00e7\u00e3o da deprecia\u00e7\u00e3o do estoque de capital fixo. O trimestre m\u00f3vel encerrado em agosto fechou com alta de 12%, puxado pelo aumento de 11,1% em m\u00e1quinas e equipamentos.<\/p>\n<p><a href=\"https:\/\/www.ipea.gov.br\/cartadeconjuntura\/index.php\/2020\/11\/indicador-ipea-de-fbcf-agosto-de-2020\/\" target=\"_blank\" rel=\"noopener noreferrer\">A \u00edntegra do indicador<\/a>\u00a0pode ser acessada na p\u00e1gina do Ipea na internet.<\/p>\n<p>Fonte: Ag\u00eancia Brasil<\/p>\n","protected":false},"excerpt":{"rendered":"<p>O pa\u00eds registrou um aumento de 2,2% nos investimentos no m\u00eas de agosto, comparado a julho. O indicador foi divulgado pelo Instituto de Pesquisa Econ\u00f4mica&#8230;<\/p>\n","protected":false},"author":1182,"featured_media":4318,"comment_status":"closed","ping_status":"closed","sticky":false,"template":"","format":"standard","meta":{"footnotes":""},"categories":[6],"tags":[],"class_list":["post-32397","post","type-post","status-publish","format-standard","has-post-thumbnail","hentry","category-noticias"],"_links":{"self":[{"href":"https:\/\/www.sincomam.org.br\/index.php\/wp-json\/wp\/v2\/posts\/32397","targetHints":{"allow":["GET"]}}],"collection":[{"href":"https:\/\/www.sincomam.org.br\/index.php\/wp-json\/wp\/v2\/posts"}],"about":[{"href":"https:\/\/www.sincomam.org.br\/index.php\/wp-json\/wp\/v2\/types\/post"}],"author":[{"embeddable":true,"href":"https:\/\/www.sincomam.org.br\/index.php\/wp-json\/wp\/v2\/users\/1182"}],"replies":[{"embeddable":true,"href":"https:\/\/www.sincomam.org.br\/index.php\/wp-json\/wp\/v2\/comments?post=32397"}],"version-history":[{"count":2,"href":"https:\/\/www.sincomam.org.br\/index.php\/wp-json\/wp\/v2\/posts\/32397\/revisions"}],"predecessor-version":[{"id":32399,"href":"https:\/\/www.sincomam.org.br\/index.php\/wp-json\/wp\/v2\/posts\/32397\/revisions\/32399"}],"wp:featuredmedia":[{"embeddable":true,"href":"https:\/\/www.sincomam.org.br\/index.php\/wp-json\/wp\/v2\/media\/4318"}],"wp:attachment":[{"href":"https:\/\/www.sincomam.org.br\/index.php\/wp-json\/wp\/v2\/media?parent=32397"}],"wp:term":[{"taxonomy":"category","embeddable":true,"href":"https:\/\/www.sincomam.org.br\/index.php\/wp-json\/wp\/v2\/categories?post=32397"},{"taxonomy":"post_tag","embeddable":true,"href":"https:\/\/www.sincomam.org.br\/index.php\/wp-json\/wp\/v2\/tags?post=32397"}],"curies":[{"name":"wp","href":"https:\/\/api.w.org\/{rel}","templated":true}]}}