{"id":32392,"date":"2020-11-04T08:05:04","date_gmt":"2020-11-04T11:05:04","guid":{"rendered":"http:\/\/www.sincomam.org.br\/?p=32392"},"modified":"2020-11-03T17:01:35","modified_gmt":"2020-11-03T20:01:35","slug":"antecipacao-do-auxilio-doenca-sera-limitada-ate-31-de-dezembro","status":"publish","type":"post","link":"https:\/\/www.sincomam.org.br\/index.php\/antecipacao-do-auxilio-doenca-sera-limitada-ate-31-de-dezembro\/","title":{"rendered":"Antecipa\u00e7\u00e3o do aux\u00edlio-doen\u00e7a ser\u00e1 limitada at\u00e9 31 de dezembro"},"content":{"rendered":"<p><strong><em>Regulamenta\u00e7\u00e3o saiu no Di\u00e1rio Oficial desta ter\u00e7a-feira (3)<\/em><\/strong><\/p>\n<p>A antecipa\u00e7\u00e3o do aux\u00edlio-doen\u00e7a, adotada pelo governo durante a pandemia de covid-19, ser\u00e1 paga aos benefici\u00e1rios pelo per\u00edodo definido no atestado m\u00e9dico, limitado a at\u00e9 60 dias, mas n\u00e3o poder\u00e1 exceder o dia 31 de dezembro, quando terminam os efeitos do decreto de calamidade p\u00fablica em raz\u00e3o da pandemia.<\/p>\n<p>Institu\u00edda em abril, a medida foi prorrogada novamente na semana passada para requerimentos de aux\u00edlio-doen\u00e7a feitos at\u00e9 30 de novembro.<\/p>\n<p>A prorroga\u00e7\u00e3o foi regulamentada por uma portaria conjunta do Instituto Nacional do Seguro Social (INSS) e da Secretaria Especial de Previd\u00eancia e Trabalho, do Minist\u00e9rio da Economia, publicada hoje (3) no Di\u00e1rio Oficial da Uni\u00e3o.<\/p>\n<p>O prazo m\u00e1ximo de pagamento \u00e9 at\u00e9 31 de dezembro, mas h\u00e1 a possibilidade de o segurado apresentar pedido de revis\u00e3o para fins de obten\u00e7\u00e3o integral e definitiva do aux\u00edlio-doen\u00e7a, na forma estabelecida pelo INSS (Instituto Nacional do Seguro Social).<\/p>\n<p><strong>Per\u00edcia m\u00e9dica<\/strong><\/p>\n<p>Por meio da antecipa\u00e7\u00e3o, o benefici\u00e1rio recebe at\u00e9 um sal\u00e1rio m\u00ednimo (R$ 1.045) sem per\u00edcia m\u00e9dica, bastando anexar um atestado m\u00e9dico ao requerimento com declara\u00e7\u00e3o de responsabilidade pelo documento no portal do INSS ou do aplicativo Meu INSS. Ap\u00f3s a per\u00edcia m\u00e9dica, o segurado recebe a diferen\u00e7a em uma parcela, caso o valor do aux\u00edlio-doen\u00e7a supere um sal\u00e1rio m\u00ednimo.<\/p>\n<p>Na semana passada, o INSS iniciou o pagamento das diferen\u00e7as das antecipa\u00e7\u00f5es recebidas at\u00e9 2 de julho. Quem tiver direito ao pagamento da diferen\u00e7a receber\u00e1 uma carta do \u00f3rg\u00e3o com todas as informa\u00e7\u00f5es do rec\u00e1lculo ou poder\u00e1 checar pelo site e aplicativo Meu INSS, al\u00e9m do telefone 135.<\/p>\n<p>Para requerer o aux\u00edlio-doen\u00e7a e receber a antecipa\u00e7\u00e3o, o segurado dever\u00e1 apresentar atestado m\u00e9dico leg\u00edvel e sem rasuras. O documento dever\u00e1 conter assinatura e carimbo do m\u00e9dico, com registro do Conselho Regional de Medicina (CRM); informa\u00e7\u00f5es sobre a doen\u00e7a ou a respectiva numera\u00e7\u00e3o da Classifica\u00e7\u00e3o Internacional de Doen\u00e7as (CID); e prazo estimado do repouso necess\u00e1rio.<\/p>\n<p>A concess\u00e3o do aux\u00edlio-doen\u00e7a continua considerando os requisitos necess\u00e1rios, como car\u00eancia, para que o segurado tenha direito ao benef\u00edcio.<\/p>\n<p>Fonte: Ag\u00eancia Brasil<\/p>\n","protected":false},"excerpt":{"rendered":"<p>Regulamenta\u00e7\u00e3o saiu no Di\u00e1rio Oficial desta ter\u00e7a-feira (3) A antecipa\u00e7\u00e3o do aux\u00edlio-doen\u00e7a, adotada pelo governo durante a pandemia de covid-19, ser\u00e1 paga aos benefici\u00e1rios pelo&#8230;<\/p>\n","protected":false},"author":1182,"featured_media":31564,"comment_status":"closed","ping_status":"closed","sticky":false,"template":"","format":"standard","meta":{"footnotes":""},"categories":[6],"tags":[3236,1757,2752,2751,794,1458],"class_list":["post-32392","post","type-post","status-publish","format-standard","has-post-thumbnail","hentry","category-noticias","tag-antecipacao","tag-auxilio","tag-coronavirus","tag-covid-19","tag-dezembro","tag-doenca"],"_links":{"self":[{"href":"https:\/\/www.sincomam.org.br\/index.php\/wp-json\/wp\/v2\/posts\/32392","targetHints":{"allow":["GET"]}}],"collection":[{"href":"https:\/\/www.sincomam.org.br\/index.php\/wp-json\/wp\/v2\/posts"}],"about":[{"href":"https:\/\/www.sincomam.org.br\/index.php\/wp-json\/wp\/v2\/types\/post"}],"author":[{"embeddable":true,"href":"https:\/\/www.sincomam.org.br\/index.php\/wp-json\/wp\/v2\/users\/1182"}],"replies":[{"embeddable":true,"href":"https:\/\/www.sincomam.org.br\/index.php\/wp-json\/wp\/v2\/comments?post=32392"}],"version-history":[{"count":1,"href":"https:\/\/www.sincomam.org.br\/index.php\/wp-json\/wp\/v2\/posts\/32392\/revisions"}],"predecessor-version":[{"id":32393,"href":"https:\/\/www.sincomam.org.br\/index.php\/wp-json\/wp\/v2\/posts\/32392\/revisions\/32393"}],"wp:featuredmedia":[{"embeddable":true,"href":"https:\/\/www.sincomam.org.br\/index.php\/wp-json\/wp\/v2\/media\/31564"}],"wp:attachment":[{"href":"https:\/\/www.sincomam.org.br\/index.php\/wp-json\/wp\/v2\/media?parent=32392"}],"wp:term":[{"taxonomy":"category","embeddable":true,"href":"https:\/\/www.sincomam.org.br\/index.php\/wp-json\/wp\/v2\/categories?post=32392"},{"taxonomy":"post_tag","embeddable":true,"href":"https:\/\/www.sincomam.org.br\/index.php\/wp-json\/wp\/v2\/tags?post=32392"}],"curies":[{"name":"wp","href":"https:\/\/api.w.org\/{rel}","templated":true}]}}