{"id":32350,"date":"2020-10-30T11:05:19","date_gmt":"2020-10-30T14:05:19","guid":{"rendered":"http:\/\/www.sincomam.org.br\/?p=32350"},"modified":"2020-10-30T11:05:19","modified_gmt":"2020-10-30T14:05:19","slug":"afrmm-teve-arrecadacao-de-r-12-bilhao-no-3o-trimestre-de-2020","status":"publish","type":"post","link":"https:\/\/www.sincomam.org.br\/index.php\/afrmm-teve-arrecadacao-de-r-12-bilhao-no-3o-trimestre-de-2020\/","title":{"rendered":"AFRMM teve arrecada\u00e7\u00e3o de R$ 1,2 bilh\u00e3o no 3\u00ba trimestre de 2020"},"content":{"rendered":"<p><strong><em>Relat\u00f3rio aponta que n\u00e3o ocorreu o ressarcimento \u00e0s Empresas Brasileiras de Navega\u00e7\u00e3o (EBNs) da parcela que lhes cabe do AFRMM <\/em><\/strong><\/p>\n<p>Os valores arrecadados do Adicional ao Frete para a Renova\u00e7\u00e3o da Marinha Mercante (AFRMM) foi de R$ 1.223,2 milh\u00f5es no 3\u00ba trimestre de 2020, e o acumulado do ano foi 21,2 % superior ao montante de 2019. As informa\u00e7\u00f5es constam no relat\u00f3rio divulgado pelo Minist\u00e9rio da Infraestrutura.<\/p>\n<p>J\u00e1 os valores (l\u00edquidos) arrecadados do AFRMM no 3\u00ba trimestre de 2020 foram de R$ 1.117,7 milh\u00f5es. Da arrecada\u00e7\u00e3o bruta, s\u00e3o deduzidos os valores referentes ao ressarcimento \u00e0s empresas de navega\u00e7\u00e3o.<\/p>\n<p><strong>AFRMM<\/strong><\/p>\n<p>O Adicional ao Frete para a Renova\u00e7\u00e3o da Marinha Mercante (AFRMM) foi institu\u00eddo pelo art. 1\u00ba do Decreto Lei n\u00ba 2.404\/1987 e destina-se a atender aos encargos da interven\u00e7\u00e3o da Uni\u00e3o no apoio ao desenvolvimento da marinha mercante e da ind\u00fastria de constru\u00e7\u00e3o e repara\u00e7\u00e3o naval brasileiras. Ele constitui fonte b\u00e1sica de receita do Fundo da Marinha Mercante (FMM).<\/p>\n<p>Para visualizar o relat\u00f3rio na \u00edntegra <a href=\"https:\/\/www.sincomam.org.br\/wp-content\/uploads\/2020\/10\/Relatorio-FMM_30_09_2020_3t.pdf\" target=\"_blank\" rel=\"noopener noreferrer\"><strong>clique aqui<\/strong><\/a><\/p>\n<p>*Com informa\u00e7\u00f5es do MInfra<\/p>\n","protected":false},"excerpt":{"rendered":"<p>Relat\u00f3rio aponta que n\u00e3o ocorreu o ressarcimento \u00e0s Empresas Brasileiras de Navega\u00e7\u00e3o (EBNs) da parcela que lhes cabe do AFRMM Os valores arrecadados do Adicional&#8230;<\/p>\n","protected":false},"author":1182,"featured_media":3251,"comment_status":"closed","ping_status":"closed","sticky":false,"template":"","format":"standard","meta":{"footnotes":""},"categories":[6],"tags":[1877,955,3755,2979,1641,744],"class_list":["post-32350","post","type-post","status-publish","format-standard","has-post-thumbnail","hentry","category-noticias","tag-afrmm","tag-arrecadacao","tag-ebns","tag-ministerio-da-infraestrutura","tag-relatorio","tag-valores"],"_links":{"self":[{"href":"https:\/\/www.sincomam.org.br\/index.php\/wp-json\/wp\/v2\/posts\/32350","targetHints":{"allow":["GET"]}}],"collection":[{"href":"https:\/\/www.sincomam.org.br\/index.php\/wp-json\/wp\/v2\/posts"}],"about":[{"href":"https:\/\/www.sincomam.org.br\/index.php\/wp-json\/wp\/v2\/types\/post"}],"author":[{"embeddable":true,"href":"https:\/\/www.sincomam.org.br\/index.php\/wp-json\/wp\/v2\/users\/1182"}],"replies":[{"embeddable":true,"href":"https:\/\/www.sincomam.org.br\/index.php\/wp-json\/wp\/v2\/comments?post=32350"}],"version-history":[{"count":1,"href":"https:\/\/www.sincomam.org.br\/index.php\/wp-json\/wp\/v2\/posts\/32350\/revisions"}],"predecessor-version":[{"id":32352,"href":"https:\/\/www.sincomam.org.br\/index.php\/wp-json\/wp\/v2\/posts\/32350\/revisions\/32352"}],"wp:featuredmedia":[{"embeddable":true,"href":"https:\/\/www.sincomam.org.br\/index.php\/wp-json\/wp\/v2\/media\/3251"}],"wp:attachment":[{"href":"https:\/\/www.sincomam.org.br\/index.php\/wp-json\/wp\/v2\/media?parent=32350"}],"wp:term":[{"taxonomy":"category","embeddable":true,"href":"https:\/\/www.sincomam.org.br\/index.php\/wp-json\/wp\/v2\/categories?post=32350"},{"taxonomy":"post_tag","embeddable":true,"href":"https:\/\/www.sincomam.org.br\/index.php\/wp-json\/wp\/v2\/tags?post=32350"}],"curies":[{"name":"wp","href":"https:\/\/api.w.org\/{rel}","templated":true}]}}