{"id":32343,"date":"2020-10-30T10:29:16","date_gmt":"2020-10-30T13:29:16","guid":{"rendered":"http:\/\/www.sincomam.org.br\/?p=32343"},"modified":"2020-10-30T10:31:47","modified_gmt":"2020-10-30T13:31:47","slug":"auxilio-emergencial-caixa-credita-parcela-para-nascidos-em-janeiro-nesta-sexta-feira-30","status":"publish","type":"post","link":"https:\/\/www.sincomam.org.br\/index.php\/auxilio-emergencial-caixa-credita-parcela-para-nascidos-em-janeiro-nesta-sexta-feira-30\/","title":{"rendered":"Caixa credita parcela do aux\u00edlio para nascidos em janeiro nesta sexta-feira (30)"},"content":{"rendered":"<p><strong><em>Benefici\u00e1rios da 7\u00aa parcela do aux\u00edlio emergencial<\/em><\/strong><strong><em> ser\u00e3o os primeiros a ter os valores em suas contas digitais<\/em><\/strong><\/p>\n<p>A Caixa informa que realiza nesta sexta-feira (30) o pagamento de R$ 1,36 bilh\u00e3o do Aux\u00edlio Emergencial para 3,4 milh\u00f5es de brasileiros nascidos em janeiro do Ciclo 4. Esses cr\u00e9ditos abrem o Ciclo 4 e contemplam parcelas residuais e da extens\u00e3o.<\/p>\n<p>Segundo a Caixa, os valores j\u00e1 podem ser movimentados pelo Aplicativo CAIXA Tem para pagamento de boletos, compras na internet e pelas maquininhas em mais de um milh\u00e3o de estabelecimentos comerciais.<\/p>\n<p>N\u00e3o h\u00e1 necessidade de novo requerimento para receber a extens\u00e3o do aux\u00edlio. Somente aqueles que j\u00e1 foram beneficiados e, a partir de agora, se enquadram nos novos requisitos estabelecidos na MP, ter\u00e3o direito a continuar recebendo o benef\u00edcio.<\/p>\n<p>Vale ressaltar que, saques e transfer\u00eancias para quem recebe o cr\u00e9dito nesta sexta-feira ser\u00e3o liberados a partir do dia 7 de novembro.<a href=\"https:\/\/www.sincomam.org.br\/wp-content\/uploads\/2020\/10\/ciclo4_3010.jpg\" target=\"_blank\" rel=\"noopener noreferrer\"><img fetchpriority=\"high\" decoding=\"async\" class=\"wp-image-32344 size-full alignleft\" src=\"https:\/\/www.sincomam.org.br\/wp-content\/uploads\/2020\/10\/ciclo4_3010.jpg\" alt=\"\" width=\"567\" height=\"319\" srcset=\"https:\/\/www.sincomam.org.br\/wp-content\/uploads\/2020\/10\/ciclo4_3010.jpg 567w, https:\/\/www.sincomam.org.br\/wp-content\/uploads\/2020\/10\/ciclo4_3010-300x169.jpg 300w\" sizes=\"(max-width: 567px) 100vw, 567px\" \/><\/a><\/p>\n<p>Calend\u00e1rio do Ciclo 4 de pagamentos do aux\u00edlio emergencial (Foto:Divulga\u00e7\u00e3o \/ Caixa)<\/p>\n<p><strong>95 mil novos benefici\u00e1rios<\/strong><\/p>\n<p>Tamb\u00e9m nesta sexta-feira (30\/10), a Caixa informou que ser\u00e1 creditado a primeira parcela do Aux\u00edlio Emergencial para 95 mil brasileiros que tiveram o benef\u00edcio aprovado. A portaria n\u00ba 519 do Governo Federal autorizou o pagamento de cinco parcelas para os novos benefici\u00e1rios. O cr\u00e9dito da primeira parcela acompanha o ciclo 4, a segunda parcela no ciclo 5 e as tr\u00eas \u00faltimas no ciclo 6.<\/p>\n<p>&nbsp;<\/p>\n<p>&nbsp;<\/p>\n","protected":false},"excerpt":{"rendered":"<p>Benefici\u00e1rios da 7\u00aa parcela do aux\u00edlio emergencial ser\u00e3o os primeiros a ter os valores em suas contas digitais A Caixa informa que realiza nesta sexta-feira&#8230;<\/p>\n","protected":false},"author":1182,"featured_media":4097,"comment_status":"closed","ping_status":"closed","sticky":false,"template":"","format":"standard","meta":{"footnotes":""},"categories":[6],"tags":[2377,390,4030,2857,204],"class_list":["post-32343","post","type-post","status-publish","format-standard","has-post-thumbnail","hentry","category-noticias","tag-beneficio","tag-caixa","tag-ciclo-4","tag-credito","tag-pagamento"],"_links":{"self":[{"href":"https:\/\/www.sincomam.org.br\/index.php\/wp-json\/wp\/v2\/posts\/32343","targetHints":{"allow":["GET"]}}],"collection":[{"href":"https:\/\/www.sincomam.org.br\/index.php\/wp-json\/wp\/v2\/posts"}],"about":[{"href":"https:\/\/www.sincomam.org.br\/index.php\/wp-json\/wp\/v2\/types\/post"}],"author":[{"embeddable":true,"href":"https:\/\/www.sincomam.org.br\/index.php\/wp-json\/wp\/v2\/users\/1182"}],"replies":[{"embeddable":true,"href":"https:\/\/www.sincomam.org.br\/index.php\/wp-json\/wp\/v2\/comments?post=32343"}],"version-history":[{"count":3,"href":"https:\/\/www.sincomam.org.br\/index.php\/wp-json\/wp\/v2\/posts\/32343\/revisions"}],"predecessor-version":[{"id":32347,"href":"https:\/\/www.sincomam.org.br\/index.php\/wp-json\/wp\/v2\/posts\/32343\/revisions\/32347"}],"wp:featuredmedia":[{"embeddable":true,"href":"https:\/\/www.sincomam.org.br\/index.php\/wp-json\/wp\/v2\/media\/4097"}],"wp:attachment":[{"href":"https:\/\/www.sincomam.org.br\/index.php\/wp-json\/wp\/v2\/media?parent=32343"}],"wp:term":[{"taxonomy":"category","embeddable":true,"href":"https:\/\/www.sincomam.org.br\/index.php\/wp-json\/wp\/v2\/categories?post=32343"},{"taxonomy":"post_tag","embeddable":true,"href":"https:\/\/www.sincomam.org.br\/index.php\/wp-json\/wp\/v2\/tags?post=32343"}],"curies":[{"name":"wp","href":"https:\/\/api.w.org\/{rel}","templated":true}]}}