{"id":32338,"date":"2020-10-29T10:01:09","date_gmt":"2020-10-29T13:01:09","guid":{"rendered":"http:\/\/www.sincomam.org.br\/?p=32338"},"modified":"2020-10-31T07:19:01","modified_gmt":"2020-10-31T10:19:01","slug":"covid-19-brasil-acumula-549-milhoes-de-casos-e-1589-mil-mortes","status":"publish","type":"post","link":"https:\/\/www.sincomam.org.br\/index.php\/covid-19-brasil-acumula-549-milhoes-de-casos-e-1589-mil-mortes\/","title":{"rendered":"Covid-19: Brasil acumula 5,49 milh\u00f5es de casos e 158,9 mil mortes"},"content":{"rendered":"<p><strong><em>Do total de casos confirmados, 90,2% j\u00e1 se recuperou da doen\u00e7a<\/em><\/strong><\/p>\n<p>As mortes decorrentes da pandemia do novo coronav\u00edrus chegaram a 158.969, de acordo com o balan\u00e7o do Minist\u00e9rio da Sa\u00fade divulgado na noite desta quinta-feira (29), a partir de dados das secretarias estaduais de sa\u00fade.<\/p>\n<p>Ainda de acordo com o balan\u00e7o do Minist\u00e9rio da Sa\u00fade, o n\u00famero de pessoas infectadas com o novo coronav\u00edrus desde o in\u00edcio da pandemia atingiu 5.494.376.<\/p>\n<p>O boletim demonstra que foram notificados 26.106 novos diagn\u00f3sticos positivos. Nas \u00faltimas 24 horas, foram registrados 513 novos \u00f3bitos. Ainda h\u00e1 2.333 falecimentos em investiga\u00e7\u00e3o.<\/p>\n<p>O Minist\u00e9rio informa que 381.248 pacientes continuam em acompanhamento m\u00e9dico. Outras 4.954.159 pessoas j\u00e1 se recuperaram da doen\u00e7a.<\/p>\n<p>Hoje, o Minist\u00e9rio da Sa\u00fade tamb\u00e9m divulgou boletim epidemiol\u00f3gico mostrando que os casos por semana voltaram a crescer no pa\u00eds. J\u00e1 as mortes seguem a trajet\u00f3ria de queda ap\u00f3s quase dois meses de plat\u00f4.<\/p>\n<p>Fonte: Ag\u00eancia Brasil<\/p>\n<p>Foto: Fotos P\u00fablicas-SECOM\/Salvador &#8211; Pessoa curada do novo coronav\u00edrus recebe alta do hospital em Salvador<\/p>\n<p><strong>Leia tamb\u00e9m:<\/strong><\/p>\n<p><a href=\"https:\/\/www.sincomam.org.br\/index.php\/se-vier-uma-2a-onda-do-covid-vamos-trabalhar-de-forma-decisiva-diz-guedes\/\" target=\"_blank\" rel=\"noopener noreferrer\"><strong>Brasil pode enfrentar a segunda onda da Covid-19<\/strong><\/a><\/p>\n","protected":false},"excerpt":{"rendered":"<p>Do total de casos confirmados, 90,2% j\u00e1 se recuperou da doen\u00e7a As mortes decorrentes da pandemia do novo coronav\u00edrus chegaram a 158.969, de acordo com&#8230;<\/p>\n","protected":false},"author":1182,"featured_media":32339,"comment_status":"closed","ping_status":"closed","sticky":false,"template":"","format":"standard","meta":{"footnotes":""},"categories":[6],"tags":[2760,61,2751,2831,1460,3569,1005,1375,4022,674],"class_list":["post-32338","post","type-post","status-publish","format-standard","has-post-thumbnail","hentry","category-noticias","tag-atualizacao","tag-brasil","tag-covid-19","tag-dados","tag-infectados","tag-ministerio-da-saude","tag-mortes","tag-populacao","tag-segunda-onda","tag-vacina"],"_links":{"self":[{"href":"https:\/\/www.sincomam.org.br\/index.php\/wp-json\/wp\/v2\/posts\/32338","targetHints":{"allow":["GET"]}}],"collection":[{"href":"https:\/\/www.sincomam.org.br\/index.php\/wp-json\/wp\/v2\/posts"}],"about":[{"href":"https:\/\/www.sincomam.org.br\/index.php\/wp-json\/wp\/v2\/types\/post"}],"author":[{"embeddable":true,"href":"https:\/\/www.sincomam.org.br\/index.php\/wp-json\/wp\/v2\/users\/1182"}],"replies":[{"embeddable":true,"href":"https:\/\/www.sincomam.org.br\/index.php\/wp-json\/wp\/v2\/comments?post=32338"}],"version-history":[{"count":1,"href":"https:\/\/www.sincomam.org.br\/index.php\/wp-json\/wp\/v2\/posts\/32338\/revisions"}],"predecessor-version":[{"id":32340,"href":"https:\/\/www.sincomam.org.br\/index.php\/wp-json\/wp\/v2\/posts\/32338\/revisions\/32340"}],"wp:featuredmedia":[{"embeddable":true,"href":"https:\/\/www.sincomam.org.br\/index.php\/wp-json\/wp\/v2\/media\/32339"}],"wp:attachment":[{"href":"https:\/\/www.sincomam.org.br\/index.php\/wp-json\/wp\/v2\/media?parent=32338"}],"wp:term":[{"taxonomy":"category","embeddable":true,"href":"https:\/\/www.sincomam.org.br\/index.php\/wp-json\/wp\/v2\/categories?post=32338"},{"taxonomy":"post_tag","embeddable":true,"href":"https:\/\/www.sincomam.org.br\/index.php\/wp-json\/wp\/v2\/tags?post=32338"}],"curies":[{"name":"wp","href":"https:\/\/api.w.org\/{rel}","templated":true}]}}