{"id":32334,"date":"2020-10-30T09:32:49","date_gmt":"2020-10-30T12:32:49","guid":{"rendered":"http:\/\/www.sincomam.org.br\/?p=32334"},"modified":"2020-10-30T09:32:49","modified_gmt":"2020-10-30T12:32:49","slug":"marinha-participa-da-operacao-verde-brasil-ii","status":"publish","type":"post","link":"https:\/\/www.sincomam.org.br\/index.php\/marinha-participa-da-operacao-verde-brasil-ii\/","title":{"rendered":"Marinha participa da Opera\u00e7\u00e3o \u201cVerde Brasil II\u201d"},"content":{"rendered":"<p><em><strong>A\u00e7\u00f5es foram realizadas\u00a0 em conjunto com \u00f3rg\u00e3os de prote\u00e7\u00e3o ambiental<\/strong><\/em><\/p>\n<div>\n<p>A Marinha do Brasil (MB) informou que durante a Opera\u00e7\u00e3o \u201cVerde Brasil II\u201d, foram transportados 11 brigadistas, sendo nove militares do Ex\u00e9rcito Brasileiro (EB) e dois do Corpo de Bombeiros, para a regi\u00e3o sul de Novo Progresso (PA), por meio da aeronave do 1\u00b0 Esquadr\u00e3o de Helic\u00f3pteros de Emprego Geral do Norte, a fim de auxiliar no combate a focos de inc\u00eandios.<\/p>\n<p>A aeronave da Marinha tamb\u00e9m participou de a\u00e7\u00e3o de desmantelamento de garimpos ilegais com EB, Pol\u00edcia Federal (PF) e o Instituto Brasileiro do Meio Ambiente, em Santar\u00e9m e Itaituba (PA). A miss\u00e3o ocasionou em apreens\u00e3o de barras de ouro de origem clandestina e pris\u00f5es de garimpeiros ilegais.<\/p>\n<p>J\u00e1 a Capitania dos Portos do Maranh\u00e3o apoiou a a\u00e7\u00e3o de interdi\u00e7\u00e3o de tr\u00eas serrarias em Z\u00e9 Doca (MA), que resultou em apreens\u00e3o de madeira ilegal. A atividade ocorreu em parceria com o EB, PF, Batalh\u00e3o de Pol\u00edcia Ambiental e Corpo de Bombeiros do Maranh\u00e3o.<\/p>\n<p><strong>Amaz\u00f4nia Legal<\/strong><\/p>\n<p>Em cumprimento ao decreto de N\u00b0 10341 de 6 maio de 2020 do Presidente da Rep\u00fablica que autoriza o emprego das For\u00e7as Armadas na Garantia da Lei e da Ordem, no contexto da Opera\u00e7\u00e3o \u201cVerde Brasil II\u201d, a Marinha vem apoiando \u00f3rg\u00e3os prote\u00e7\u00e3o ambiental e seguran\u00e7a p\u00fablica com o prop\u00f3sito de realizar a\u00e7\u00e3o de combate a crimes ambientais, na Amaz\u00f4nia legal.<\/p>\n<p>Foto: divulga\u00e7\u00e3o MB<\/p>\n<\/div>\n","protected":false},"excerpt":{"rendered":"<p>A\u00e7\u00f5es foram realizadas\u00a0 em conjunto com \u00f3rg\u00e3os de prote\u00e7\u00e3o ambiental A Marinha do Brasil (MB) informou que durante a Opera\u00e7\u00e3o \u201cVerde Brasil II\u201d, foram transportados&#8230;<\/p>\n","protected":false},"author":1182,"featured_media":32335,"comment_status":"closed","ping_status":"closed","sticky":false,"template":"","format":"standard","meta":{"footnotes":""},"categories":[6],"tags":[4024,230,383,1013,4023,73,69],"class_list":["post-32334","post","type-post","status-publish","format-standard","has-post-thumbnail","hentry","category-noticias","tag-amazonia-legal","tag-capitania","tag-maranhao","tag-marinha-do-brasil","tag-operacao-verde-brasil-ii","tag-participacao","tag-portos"],"_links":{"self":[{"href":"https:\/\/www.sincomam.org.br\/index.php\/wp-json\/wp\/v2\/posts\/32334","targetHints":{"allow":["GET"]}}],"collection":[{"href":"https:\/\/www.sincomam.org.br\/index.php\/wp-json\/wp\/v2\/posts"}],"about":[{"href":"https:\/\/www.sincomam.org.br\/index.php\/wp-json\/wp\/v2\/types\/post"}],"author":[{"embeddable":true,"href":"https:\/\/www.sincomam.org.br\/index.php\/wp-json\/wp\/v2\/users\/1182"}],"replies":[{"embeddable":true,"href":"https:\/\/www.sincomam.org.br\/index.php\/wp-json\/wp\/v2\/comments?post=32334"}],"version-history":[{"count":2,"href":"https:\/\/www.sincomam.org.br\/index.php\/wp-json\/wp\/v2\/posts\/32334\/revisions"}],"predecessor-version":[{"id":32337,"href":"https:\/\/www.sincomam.org.br\/index.php\/wp-json\/wp\/v2\/posts\/32334\/revisions\/32337"}],"wp:featuredmedia":[{"embeddable":true,"href":"https:\/\/www.sincomam.org.br\/index.php\/wp-json\/wp\/v2\/media\/32335"}],"wp:attachment":[{"href":"https:\/\/www.sincomam.org.br\/index.php\/wp-json\/wp\/v2\/media?parent=32334"}],"wp:term":[{"taxonomy":"category","embeddable":true,"href":"https:\/\/www.sincomam.org.br\/index.php\/wp-json\/wp\/v2\/categories?post=32334"},{"taxonomy":"post_tag","embeddable":true,"href":"https:\/\/www.sincomam.org.br\/index.php\/wp-json\/wp\/v2\/tags?post=32334"}],"curies":[{"name":"wp","href":"https:\/\/api.w.org\/{rel}","templated":true}]}}