{"id":32331,"date":"2020-10-30T08:00:01","date_gmt":"2020-10-30T11:00:01","guid":{"rendered":"http:\/\/www.sincomam.org.br\/?p=32331"},"modified":"2020-10-29T14:42:44","modified_gmt":"2020-10-29T17:42:44","slug":"se-vier-uma-2a-onda-do-covid-vamos-trabalhar-de-forma-decisiva-diz-guedes","status":"publish","type":"post","link":"https:\/\/www.sincomam.org.br\/index.php\/se-vier-uma-2a-onda-do-covid-vamos-trabalhar-de-forma-decisiva-diz-guedes\/","title":{"rendered":"Se vier uma 2\u00aa onda do covid vamos trabalhar de forma decisiva, diz Guedes"},"content":{"rendered":"<p><strong><em>Ministro afirmou que o pa\u00eds entrar\u00e1 em economia de Guerra para enfrentar segunda onda da Covid-19<\/em><\/strong><\/p>\n<p>O ministro da Economia, Paulo Guedes, afirmou hoje que o governo trabalhar\u00e1 de forma decisiva se houver uma segunda onda de coronav\u00edrus no Brasil. Apesar disso, ele declarou que o governo ainda n\u00e3o trabalha com a perspectiva de que isso ocorra.<\/p>\n<p>Enquanto no Brasil o n\u00famero de mortes diminui, na Europa e nos Estados Unidos, os n\u00fameros de casos do coronav\u00edrus voltaram a subir. Na Fran\u00e7a, o governo decretou lockdown a partir desta sexta-feira (30).<\/p>\n<p>&#8220;Daremos uma resposta igualmente decisiva e encontraremos os recursos [se vier uma segunda onda do coronav\u00edrus]. Entraremos em economia de guerra. Mas esse n\u00e3o \u00e9 o plano A e n\u00e3o vemos isso no momento. Vemos a doen\u00e7a descendo, a economia voltando, o aux\u00edlio emergencial aterrissando&#8221;, declarou.<\/p>\n<p>Segundo Guedes, a prioridade do governo no momento \u00e9 atacar o desemprego em massa com gera\u00e7\u00e3o de emprego e renda. E para isso, ele disse que a melhor resposta \u00e9 desonerar a folha de sal\u00e1rios. Reformas estruturais s\u00e3o necess\u00e1rias, diz ministro Guedes tamb\u00e9m declarou que o Congresso precisa voltar a debater e votar as reformas para reequilibrar as contas p\u00fablicas.<\/p>\n<p>Segundo ele, a d\u00edvida p\u00fablica j\u00e1 \u00e9 equivalente a 100% do PIB (Produto Interno Bruto) e n\u00e3o h\u00e1 possibilidade de que o aux\u00edlio emergencial se torne permanente.<\/p>\n<p>&#8220;O que n\u00e3o podemos \u00e9, por falta de honestidade e responsabilidade, estender benef\u00edcios ao inv\u00e9s de enfrentar os desafios or\u00e7ament\u00e1rios. Para isso n\u00e3o contem comigo. Contem comigo para uma resposta pol\u00edtica correta&#8221;, disse Guedes.<\/p>\n<p>Fonte: UOL \/ Foto: Isac N\u00f3brega\/PR &#8211; Ministro da Economia, Paulo Guedes<\/p>\n","protected":false},"excerpt":{"rendered":"<p>Ministro afirmou que o pa\u00eds entrar\u00e1 em economia de Guerra para enfrentar segunda onda da Covid-19 O ministro da Economia, Paulo Guedes, afirmou hoje que&#8230;<\/p>\n","protected":false},"author":1182,"featured_media":32332,"comment_status":"closed","ping_status":"closed","sticky":false,"template":"","format":"standard","meta":{"footnotes":""},"categories":[6],"tags":[61,2751,4021,3414,4022],"class_list":["post-32331","post","type-post","status-publish","format-standard","has-post-thumbnail","hentry","category-noticias","tag-brasil","tag-covid-19","tag-ministro-economia","tag-paulo-guedes","tag-segunda-onda"],"_links":{"self":[{"href":"https:\/\/www.sincomam.org.br\/index.php\/wp-json\/wp\/v2\/posts\/32331","targetHints":{"allow":["GET"]}}],"collection":[{"href":"https:\/\/www.sincomam.org.br\/index.php\/wp-json\/wp\/v2\/posts"}],"about":[{"href":"https:\/\/www.sincomam.org.br\/index.php\/wp-json\/wp\/v2\/types\/post"}],"author":[{"embeddable":true,"href":"https:\/\/www.sincomam.org.br\/index.php\/wp-json\/wp\/v2\/users\/1182"}],"replies":[{"embeddable":true,"href":"https:\/\/www.sincomam.org.br\/index.php\/wp-json\/wp\/v2\/comments?post=32331"}],"version-history":[{"count":1,"href":"https:\/\/www.sincomam.org.br\/index.php\/wp-json\/wp\/v2\/posts\/32331\/revisions"}],"predecessor-version":[{"id":32333,"href":"https:\/\/www.sincomam.org.br\/index.php\/wp-json\/wp\/v2\/posts\/32331\/revisions\/32333"}],"wp:featuredmedia":[{"embeddable":true,"href":"https:\/\/www.sincomam.org.br\/index.php\/wp-json\/wp\/v2\/media\/32332"}],"wp:attachment":[{"href":"https:\/\/www.sincomam.org.br\/index.php\/wp-json\/wp\/v2\/media?parent=32331"}],"wp:term":[{"taxonomy":"category","embeddable":true,"href":"https:\/\/www.sincomam.org.br\/index.php\/wp-json\/wp\/v2\/categories?post=32331"},{"taxonomy":"post_tag","embeddable":true,"href":"https:\/\/www.sincomam.org.br\/index.php\/wp-json\/wp\/v2\/tags?post=32331"}],"curies":[{"name":"wp","href":"https:\/\/api.w.org\/{rel}","templated":true}]}}