{"id":32325,"date":"2020-10-29T14:07:55","date_gmt":"2020-10-29T17:07:55","guid":{"rendered":"http:\/\/www.sincomam.org.br\/?p=32325"},"modified":"2020-10-29T14:07:55","modified_gmt":"2020-10-29T17:07:55","slug":"eduardo-nery-e-o-novo-diretor-geral-da-antaq","status":"publish","type":"post","link":"https:\/\/www.sincomam.org.br\/index.php\/eduardo-nery-e-o-novo-diretor-geral-da-antaq\/","title":{"rendered":"Eduardo Nery \u00e9 o novo diretor-geral da ANTAQ"},"content":{"rendered":"<p><em><strong>Mandato do executivo ser\u00e1 at\u00e9 18 de fevereiro de 2025<\/strong><\/em><\/p>\n<p>O presidente da Rep\u00fablica, Jair Bolsonaro, nomeou, nesta quinta-feira (29), Eduardo Nery Machado Filho para exercer o cargo de diretor-geral da ANTAQ, com mandato at\u00e9 18 de fevereiro de 2025. A nomea\u00e7\u00e3o foi publicada na se\u00e7\u00e3o 2, p\u00e1gina 1, do Di\u00e1rio Oficial da Uni\u00e3o.<\/p>\n<p>Em 19 de outubro, a Comiss\u00e3o de Servi\u00e7os de Infraestrutura do Senado aprovou a indica\u00e7\u00e3o de Eduardo Nery por 14 votos favor\u00e1veis e um contra. No dia seguinte, o Plen\u00e1rio referendou o nome do indicado por 39 votos a favor e cinco contra. Houve, ainda, uma absten\u00e7\u00e3o.<\/p>\n<p>Nery \u00e9 formado em Engenharia Civil e p\u00f3s-graduado em Auditoria de Obras P\u00fablicas e Or\u00e7amento P\u00fablico. Ingressou, por concurso p\u00fablico, no Tribunal de Contas da Uni\u00e3o (TCU) em 2000 para exercer o cargo de auditor federal de controle externo. Agora ficar\u00e1 cedido \u00e0 Ag\u00eancia at\u00e9 o fim do mandato.<\/p>\n<p><em>\u201cA boa regula\u00e7\u00e3o \u00e9 fundamental para o bom funcionamento e desenvolvimento do transporte aquavi\u00e1rio, mas ela deve ser exercida com prud\u00eancia para que n\u00e3o se converta em entraves burocr\u00e1ticos que prejudicam o ambiente de neg\u00f3cios do pa\u00eds\u201d, afirmou o diretor-geral da Ag\u00eancia, classificando como honrosa sua indica\u00e7\u00e3o para ocupar uma das cadeiras da Diretoria Colegiada da ANTAQ.<\/em><\/p>\n<p>*Com informa\u00e7\u00f5es da Antaq \/ Foto: Ag\u00eancia Senado<\/p>\n","protected":false},"excerpt":{"rendered":"<p>Mandato do executivo ser\u00e1 at\u00e9 18 de fevereiro de 2025 O presidente da Rep\u00fablica, Jair Bolsonaro, nomeou, nesta quinta-feira (29), Eduardo Nery Machado Filho para&#8230;<\/p>\n","protected":false},"author":1182,"featured_media":32326,"comment_status":"closed","ping_status":"closed","sticky":false,"template":"","format":"standard","meta":{"footnotes":""},"categories":[6],"tags":[],"class_list":["post-32325","post","type-post","status-publish","format-standard","has-post-thumbnail","hentry","category-noticias"],"_links":{"self":[{"href":"https:\/\/www.sincomam.org.br\/index.php\/wp-json\/wp\/v2\/posts\/32325","targetHints":{"allow":["GET"]}}],"collection":[{"href":"https:\/\/www.sincomam.org.br\/index.php\/wp-json\/wp\/v2\/posts"}],"about":[{"href":"https:\/\/www.sincomam.org.br\/index.php\/wp-json\/wp\/v2\/types\/post"}],"author":[{"embeddable":true,"href":"https:\/\/www.sincomam.org.br\/index.php\/wp-json\/wp\/v2\/users\/1182"}],"replies":[{"embeddable":true,"href":"https:\/\/www.sincomam.org.br\/index.php\/wp-json\/wp\/v2\/comments?post=32325"}],"version-history":[{"count":1,"href":"https:\/\/www.sincomam.org.br\/index.php\/wp-json\/wp\/v2\/posts\/32325\/revisions"}],"predecessor-version":[{"id":32327,"href":"https:\/\/www.sincomam.org.br\/index.php\/wp-json\/wp\/v2\/posts\/32325\/revisions\/32327"}],"wp:featuredmedia":[{"embeddable":true,"href":"https:\/\/www.sincomam.org.br\/index.php\/wp-json\/wp\/v2\/media\/32326"}],"wp:attachment":[{"href":"https:\/\/www.sincomam.org.br\/index.php\/wp-json\/wp\/v2\/media?parent=32325"}],"wp:term":[{"taxonomy":"category","embeddable":true,"href":"https:\/\/www.sincomam.org.br\/index.php\/wp-json\/wp\/v2\/categories?post=32325"},{"taxonomy":"post_tag","embeddable":true,"href":"https:\/\/www.sincomam.org.br\/index.php\/wp-json\/wp\/v2\/tags?post=32325"}],"curies":[{"name":"wp","href":"https:\/\/api.w.org\/{rel}","templated":true}]}}