{"id":32318,"date":"2020-10-29T11:11:56","date_gmt":"2020-10-29T14:11:56","guid":{"rendered":"http:\/\/www.sincomam.org.br\/?p=32318"},"modified":"2020-10-29T11:11:56","modified_gmt":"2020-10-29T14:11:56","slug":"caixa-credita-hoje-o-auxilio-emergencial-para-beneficiarios-do-ciclo-3-nascidos-em-novembro","status":"publish","type":"post","link":"https:\/\/www.sincomam.org.br\/index.php\/caixa-credita-hoje-o-auxilio-emergencial-para-beneficiarios-do-ciclo-3-nascidos-em-novembro\/","title":{"rendered":"Caixa credita hoje o aux\u00edlio emergencial para benefici\u00e1rios do ciclo 3 nascidos em novembro"},"content":{"rendered":"<p><strong><em>Ciclo 3 contempla parcelas referentes ao aux\u00edlio emergencial e do aux\u00edlio extens\u00e3o<\/em><\/strong><\/p>\n<p>A Caixa informou que a partir desta quinta-feira (29), oi liberado o pagamento de R$ 1,5 bilh\u00e3o do Aux\u00edlio Emergencial para 3,5 milh\u00f5es de brasileiros nascidos em novembro do Ciclo 3.<\/p>\n<p>O benef\u00edcio foi liberado em contas digitais para os nascidos em novembro e, em 5 de dezembro, ser\u00e1 disponibilizado para saque.<\/p>\n<p>Desse total, 1,3 milh\u00e3o receber\u00e3o R$ 800 milh\u00f5es referentes \u00e0s parcelas do Aux\u00edlio Emergencial. Os demais, 2,2 milh\u00f5es, ser\u00e3o contemplados com a primeira parcela do Aux\u00edlio Emergencial Extens\u00e3o, em um montante de R$ 700 milh\u00f5es.<\/p>\n<p>A partir desta data, os valores j\u00e1 podem ser movimentados pelo Aplicativo CAIXA Tem para pagamento de boletos, compras na internet e pelas maquininhas em mais de um milh\u00e3o de estabelecimentos comerciais.<\/p>\n<p>Al\u00e9m disso, os inscritos no Bolsa Fam\u00edlia com N\u00famero de Identifica\u00e7\u00e3o Social (NIS) terminado em 9 tamb\u00e9m ficam autorizados a sacar o benef\u00edcio. Nesse caso, o saque \u00e9 referente \u00e0 segunda parcela com valor de R$ 300, ou \u00e0 s\u00e9tima concedida atrav\u00e9s do aux\u00edlio.<\/p>\n<p><strong>Benef\u00edcio<\/strong><\/p>\n<p>O benef\u00edcio, criado em abril pelo Governo Federal, foi estendido at\u00e9 31 de dezembro por meio da Medida Provis\u00f3ria (MP) n\u00ba 1000. O Aux\u00edlio Emergencial Extens\u00e3o ser\u00e1 pago em at\u00e9 quatro parcelas de R$ 300 cada e, no caso das m\u00e3es chefes de fam\u00edlia monoparental, o valor \u00e9 de R$ 600,00.<\/p>\n<p>*Com informa\u00e7\u00f5es da Caixa<\/p>\n","protected":false},"excerpt":{"rendered":"<p>Ciclo 3 contempla parcelas referentes ao aux\u00edlio emergencial e do aux\u00edlio extens\u00e3o A Caixa informou que a partir desta quinta-feira (29), oi liberado o pagamento&#8230;<\/p>\n","protected":false},"author":1182,"featured_media":31515,"comment_status":"closed","ping_status":"closed","sticky":false,"template":"","format":"standard","meta":{"footnotes":""},"categories":[6],"tags":[1757,2377,390,4019,432,3099,3197,204],"class_list":["post-32318","post","type-post","status-publish","format-standard","has-post-thumbnail","hentry","category-noticias","tag-auxilio","tag-beneficio","tag-caixa","tag-ciclo-3","tag-emergencial","tag-nascimento","tag-novembro","tag-pagamento"],"_links":{"self":[{"href":"https:\/\/www.sincomam.org.br\/index.php\/wp-json\/wp\/v2\/posts\/32318","targetHints":{"allow":["GET"]}}],"collection":[{"href":"https:\/\/www.sincomam.org.br\/index.php\/wp-json\/wp\/v2\/posts"}],"about":[{"href":"https:\/\/www.sincomam.org.br\/index.php\/wp-json\/wp\/v2\/types\/post"}],"author":[{"embeddable":true,"href":"https:\/\/www.sincomam.org.br\/index.php\/wp-json\/wp\/v2\/users\/1182"}],"replies":[{"embeddable":true,"href":"https:\/\/www.sincomam.org.br\/index.php\/wp-json\/wp\/v2\/comments?post=32318"}],"version-history":[{"count":1,"href":"https:\/\/www.sincomam.org.br\/index.php\/wp-json\/wp\/v2\/posts\/32318\/revisions"}],"predecessor-version":[{"id":32319,"href":"https:\/\/www.sincomam.org.br\/index.php\/wp-json\/wp\/v2\/posts\/32318\/revisions\/32319"}],"wp:featuredmedia":[{"embeddable":true,"href":"https:\/\/www.sincomam.org.br\/index.php\/wp-json\/wp\/v2\/media\/31515"}],"wp:attachment":[{"href":"https:\/\/www.sincomam.org.br\/index.php\/wp-json\/wp\/v2\/media?parent=32318"}],"wp:term":[{"taxonomy":"category","embeddable":true,"href":"https:\/\/www.sincomam.org.br\/index.php\/wp-json\/wp\/v2\/categories?post=32318"},{"taxonomy":"post_tag","embeddable":true,"href":"https:\/\/www.sincomam.org.br\/index.php\/wp-json\/wp\/v2\/tags?post=32318"}],"curies":[{"name":"wp","href":"https:\/\/api.w.org\/{rel}","templated":true}]}}