{"id":32283,"date":"2020-10-27T11:11:40","date_gmt":"2020-10-27T14:11:40","guid":{"rendered":"http:\/\/www.sincomam.org.br\/?p=32283"},"modified":"2020-10-27T11:13:44","modified_gmt":"2020-10-27T14:13:44","slug":"compass-da-cosan-apresenta-proposta-para-aquisicao-de-51-da-gaspetro-apresenta-proposta-para-aquisicao-de-51-da-gaspetro","status":"publish","type":"post","link":"https:\/\/www.sincomam.org.br\/index.php\/compass-da-cosan-apresenta-proposta-para-aquisicao-de-51-da-gaspetro-apresenta-proposta-para-aquisicao-de-51-da-gaspetro\/","title":{"rendered":"Compass, da Cosan, apresenta proposta para aquisi\u00e7\u00e3o de 51% da Gaspetro"},"content":{"rendered":"<p>A Compass, controlada pelo Grupo de energia e log\u00edstica Cosan, comunicou, na tarde de hoje, que o seu conselho de administra\u00e7\u00e3o aprovou a apresenta\u00e7\u00e3o de proposta para aquisi\u00e7\u00e3o de 51% da Gaspetro, refinaria de g\u00e1s da Petrobras. A concretiza\u00e7\u00e3o da transa\u00e7\u00e3o, por\u00e9m, est\u00e1 sujeita a diversos fatores.<\/p>\n<p><em>\u201cIncluindo a escolha da proposta apresentada pela Compass como vencedora do processo competitivo; a conclus\u00e3o bem sucedida das negocia\u00e7\u00f5es decorrentes e a celebra\u00e7\u00e3o do respectivo do contrato de compra e venda, que prever\u00e1 condi\u00e7\u00f5es precedentes habituais em transa\u00e7\u00f5es desta natureza, incluindo aprova\u00e7\u00f5es regulat\u00f3rias e concorrenciais\u201d, afirmou a empresa em comunicado.<\/em><\/p>\n<p>A Gaspetro \u00e9 uma holding que det\u00e9m participa\u00e7\u00f5es em 19 distribuidoras de g\u00e1s, que exploram, com exclusividade, os servi\u00e7os locais de distribui\u00e7\u00e3o de g\u00e1s canalizado em diversos Estados do Brasil. Segundo a Compass, a proposta apresentada conta com garantia de sua controladora, Cosan . J\u00e1 os demais termos e condi\u00e7\u00f5es s\u00e3o confidenciais, em raz\u00e3o da natureza do processo competitivo conduzido pela Petrobras. O Supremo Tribunal Federal (STF) tem dado aval para a venda das refinarias da Petrobras, o que refor\u00e7a a seguran\u00e7a jur\u00eddica do principal trunfo do programa de desinvestimentos da estatal.<\/p>\n<p>Fonte: Valor<\/p>\n","protected":false},"excerpt":{"rendered":"<p>A Compass, controlada pelo Grupo de energia e log\u00edstica Cosan, comunicou, na tarde de hoje, que o seu conselho de administra\u00e7\u00e3o aprovou a apresenta\u00e7\u00e3o de&#8230;<\/p>\n","protected":false},"author":1182,"featured_media":17166,"comment_status":"closed","ping_status":"closed","sticky":false,"template":"","format":"standard","meta":{"footnotes":""},"categories":[6],"tags":[4007,2111,2315],"class_list":["post-32283","post","type-post","status-publish","format-standard","has-post-thumbnail","hentry","category-noticias","tag-compass","tag-cosan","tag-gaspetro"],"_links":{"self":[{"href":"https:\/\/www.sincomam.org.br\/index.php\/wp-json\/wp\/v2\/posts\/32283","targetHints":{"allow":["GET"]}}],"collection":[{"href":"https:\/\/www.sincomam.org.br\/index.php\/wp-json\/wp\/v2\/posts"}],"about":[{"href":"https:\/\/www.sincomam.org.br\/index.php\/wp-json\/wp\/v2\/types\/post"}],"author":[{"embeddable":true,"href":"https:\/\/www.sincomam.org.br\/index.php\/wp-json\/wp\/v2\/users\/1182"}],"replies":[{"embeddable":true,"href":"https:\/\/www.sincomam.org.br\/index.php\/wp-json\/wp\/v2\/comments?post=32283"}],"version-history":[{"count":2,"href":"https:\/\/www.sincomam.org.br\/index.php\/wp-json\/wp\/v2\/posts\/32283\/revisions"}],"predecessor-version":[{"id":32286,"href":"https:\/\/www.sincomam.org.br\/index.php\/wp-json\/wp\/v2\/posts\/32283\/revisions\/32286"}],"wp:featuredmedia":[{"embeddable":true,"href":"https:\/\/www.sincomam.org.br\/index.php\/wp-json\/wp\/v2\/media\/17166"}],"wp:attachment":[{"href":"https:\/\/www.sincomam.org.br\/index.php\/wp-json\/wp\/v2\/media?parent=32283"}],"wp:term":[{"taxonomy":"category","embeddable":true,"href":"https:\/\/www.sincomam.org.br\/index.php\/wp-json\/wp\/v2\/categories?post=32283"},{"taxonomy":"post_tag","embeddable":true,"href":"https:\/\/www.sincomam.org.br\/index.php\/wp-json\/wp\/v2\/tags?post=32283"}],"curies":[{"name":"wp","href":"https:\/\/api.w.org\/{rel}","templated":true}]}}