{"id":32278,"date":"2020-10-27T10:50:33","date_gmt":"2020-10-27T13:50:33","guid":{"rendered":"http:\/\/www.sincomam.org.br\/?p=32278"},"modified":"2020-10-27T10:50:33","modified_gmt":"2020-10-27T13:50:33","slug":"auxilio-emergencial-beneficio-cancelado-pode-ser-contestado-ate-2-de-novembro","status":"publish","type":"post","link":"https:\/\/www.sincomam.org.br\/index.php\/auxilio-emergencial-beneficio-cancelado-pode-ser-contestado-ate-2-de-novembro\/","title":{"rendered":"Aux\u00edlio Emergencial: benef\u00edcio cancelado pode ser contestado at\u00e9 2 de novembro"},"content":{"rendered":"<p><strong><em>Solicita\u00e7\u00f5es devem ser feitas exclusivamente pelo site da Dataprev <\/em><\/strong><\/p>\n<p>Os benefici\u00e1rios que tiveram a extens\u00e3o do Aux\u00edlio Emergencial de R$ 300,00 cancelada e n\u00e3o concordam com o motivo que determinou o cancelamento, tem at\u00e9 o dia 2 de novembro de 2020 para realizar o pedido de contesta\u00e7\u00e3o. A solicita\u00e7\u00e3o deve ser feita por meio do <a href=\"https:\/\/consultaauxilio.dataprev.gov.br\/consulta\/#\/\" target=\"_blank\" rel=\"noopener noreferrer\"><strong>site da Dataprev<\/strong> <\/a>pelo pr\u00f3prio benefici\u00e1rio.<\/p>\n<p>O pedido est\u00e1 dispon\u00edvel para os trabalhadores em geral e aqueles inscritos no Cadastro \u00danico n\u00e3o benefici\u00e1rios do Bolsa Fam\u00edlia. Para o p\u00fablico do Bolsa Fam\u00edlia, as regras ainda ser\u00e3o divulgadas.<\/p>\n<p>Ap\u00f3s a rean\u00e1lise dos dados, caso a contesta\u00e7\u00e3o seja aceita, o aux\u00edlio emergencial voltar\u00e1 a ser pago no m\u00eas seguinte ao pedido.<\/p>\n<p>Segundo as regras da Medida Provis\u00f3ria (MP) n\u00ba 1.000, respons\u00e1vel pela extens\u00e3o do Aux\u00edlio Emergencial, todo m\u00eas deve haver reavalia\u00e7\u00e3o dos crit\u00e9rios de emprego formal, recebimento de benef\u00edcios assistenciais ou previdenci\u00e1rios, e falecimento do benefici\u00e1rio. Se forem identificadas diverg\u00eancias dessas informa\u00e7\u00f5es pelo Minist\u00e9rio da Cidadania, os benef\u00edcios s\u00e3o cancelados.<\/p>\n<p><em>\u201cEstamos trabalhando para ter o m\u00e1ximo de efetividade no pagamento do Aux\u00edlio e da extens\u00e3o do Aux\u00edlio e estamos sendo reconhecidos mundialmente por isso. Todo m\u00eas s\u00e3o feitas revis\u00f5es com o cruzamento de dados do Governo Federal, para que o dinheiro chegue \u00e0queles que realmente precisam\u201d, destaca o ministro da Cidadania, Onyx Lorenzoni, em nota publicada pelo Minist\u00e9rio.<\/em><\/p>\n<p>*Com informa\u00e7\u00f5es do Minist\u00e9rio da Cidadania<\/p>\n","protected":false},"excerpt":{"rendered":"<p>Solicita\u00e7\u00f5es devem ser feitas exclusivamente pelo site da Dataprev Os benefici\u00e1rios que tiveram a extens\u00e3o do Aux\u00edlio Emergencial de R$ 300,00 cancelada e n\u00e3o concordam&#8230;<\/p>\n","protected":false},"author":1182,"featured_media":31725,"comment_status":"closed","ping_status":"closed","sticky":false,"template":"","format":"standard","meta":{"footnotes":""},"categories":[6],"tags":[1757,2377,1061,1400,3601,432],"class_list":["post-32278","post","type-post","status-publish","format-standard","has-post-thumbnail","hentry","category-noticias","tag-auxilio","tag-beneficio","tag-bolsa-familia","tag-cancelamento","tag-contestacao","tag-emergencial"],"_links":{"self":[{"href":"https:\/\/www.sincomam.org.br\/index.php\/wp-json\/wp\/v2\/posts\/32278","targetHints":{"allow":["GET"]}}],"collection":[{"href":"https:\/\/www.sincomam.org.br\/index.php\/wp-json\/wp\/v2\/posts"}],"about":[{"href":"https:\/\/www.sincomam.org.br\/index.php\/wp-json\/wp\/v2\/types\/post"}],"author":[{"embeddable":true,"href":"https:\/\/www.sincomam.org.br\/index.php\/wp-json\/wp\/v2\/users\/1182"}],"replies":[{"embeddable":true,"href":"https:\/\/www.sincomam.org.br\/index.php\/wp-json\/wp\/v2\/comments?post=32278"}],"version-history":[{"count":1,"href":"https:\/\/www.sincomam.org.br\/index.php\/wp-json\/wp\/v2\/posts\/32278\/revisions"}],"predecessor-version":[{"id":32279,"href":"https:\/\/www.sincomam.org.br\/index.php\/wp-json\/wp\/v2\/posts\/32278\/revisions\/32279"}],"wp:featuredmedia":[{"embeddable":true,"href":"https:\/\/www.sincomam.org.br\/index.php\/wp-json\/wp\/v2\/media\/31725"}],"wp:attachment":[{"href":"https:\/\/www.sincomam.org.br\/index.php\/wp-json\/wp\/v2\/media?parent=32278"}],"wp:term":[{"taxonomy":"category","embeddable":true,"href":"https:\/\/www.sincomam.org.br\/index.php\/wp-json\/wp\/v2\/categories?post=32278"},{"taxonomy":"post_tag","embeddable":true,"href":"https:\/\/www.sincomam.org.br\/index.php\/wp-json\/wp\/v2\/tags?post=32278"}],"curies":[{"name":"wp","href":"https:\/\/api.w.org\/{rel}","templated":true}]}}