{"id":32255,"date":"2020-10-26T09:37:38","date_gmt":"2020-10-26T12:37:38","guid":{"rendered":"http:\/\/www.sincomam.org.br\/?p=32255"},"modified":"2020-10-26T09:37:38","modified_gmt":"2020-10-26T12:37:38","slug":"demitidos-de-prestadora-da-petrobras-no-comperj-reclamam-de-calote-no-fgts","status":"publish","type":"post","link":"https:\/\/www.sincomam.org.br\/index.php\/demitidos-de-prestadora-da-petrobras-no-comperj-reclamam-de-calote-no-fgts\/","title":{"rendered":"Demitidos de prestadora da Petrobras no Comperj reclamam de calote no FGTS"},"content":{"rendered":"<p><strong><em>A\u00e7\u00e3o coletiva com 200 ex-funcion\u00e1rios busca os direitos<\/em><\/strong><\/p>\n<p>Demitidos terceirizados da Petrobras foram \u00e0 Justi\u00e7a para buscar o pagamento integral das verbas rescis\u00f3rias. Um grupo de 202 desligados da GDK, que trabalharam no Comperj \u2014 o ent\u00e3o Complexo Petroqu\u00edmico de Itabora\u00ed \u2014 afirma que a empresa s\u00f3 liberou 40% do FGTS.<\/p>\n<p>Os terceirizados, mandados embora em 2015, entraram com uma a\u00e7\u00e3o coletiva e aguardam uma decis\u00e3o. A GDK pediu fal\u00eancia.<\/p>\n<p>O motorista Lu\u00eds Cl\u00e1udio Nazario \u00e9 um dos autores da a\u00e7\u00e3o coletiva.<\/p>\n<p>\u201cNessa a\u00e7\u00e3o judicial temos 202 pessoas junto ao sindicato. Recebemos s\u00f3 40% do fundo de garantia, que j\u00e1 estava depositado. J\u00e1 se passaram cinco anos, e at\u00e9 agora nada\u201d, afirmou.<\/p>\n<p>O encanador Carlos Henrique de Jesus emendou que o INSS \u201cdeclarou coisas que a GDK n\u00e3o depositou\u201d. \u201cDeixou todos n\u00f3s aqui a desejar\u201d, disse.<\/p>\n<p>O encanador industrial Fabr\u00edcio Ribeiro ainda n\u00e3o se recuperou do preju\u00edzo. \u201cTivemos que se desfazer de bens para sobreviver\u201d, afirmou.<\/p>\n<p>O carreteiro Renan Franco Figueiredo precisou trancar a faculdade. \u201cO impacto financeiro foi enorme. Tive que atrasar presta\u00e7\u00e3o de tudo, parcela de carro&#8230;\u201d, lembrou.<\/p>\n<p>O lixador Ven\u00e2ncio de Souza Serrano disse que na \u00e9poca da demiss\u00e3o a esposa estava gr\u00e1vida. \u201cPerdemos plano de sa\u00fade, cr\u00e9dito, carro&#8230;\u201d, enumerou.<\/p>\n<p>Jairo Souza dos Santos contou que at\u00e9 achou outro emprego. \u201cMas n\u00e3o pude assinar minha carteira porque n\u00e3o deram baixa.\u201d<\/p>\n<p><strong>Promessa de melhorias<\/strong><\/p>\n<p>As obras do Comperj come\u00e7aram h\u00e1 12 anos. A promessa das autoridades era transformar a regi\u00e3o num grande polo de combust\u00edveis e produtos qu\u00edmicos, trazendo melhorias para a cidade.<\/p>\n<p>No terreno de 2.500 hectares, o equivalente a tr\u00eas vezes o bairro de Copacabana, deveria funcionar uma refinaria com capacidade para processar 150 mil barris de petr\u00f3leo.<\/p>\n<p>A Petrobras ainda mant\u00e9m obras para uma unidade de processamento de g\u00e1s natural. Mas neste domingo (25) o Bom Dia Rio n\u00e3o viu nenhuma movimenta\u00e7\u00e3o.<\/p>\n<p><strong>O que diz a Petrobras<\/strong><\/p>\n<p>A Petrobras disse que est\u00e1 em dia com as obriga\u00e7\u00f5es com todas as empresas contratadas para o Comperj, e que elas \u00e9 que s\u00e3o respons\u00e1veis pelo pagamento dos funcion\u00e1rios. A estatal disse tamb\u00e9m que est\u00e1 investindo R$ 4 bilh\u00f5es na \u00e1rea do antigo Comperj para a implanta\u00e7\u00e3o de um projeto que vai disponibilizar escoamento para o g\u00e1s natural do pr\u00e9-sal. A previs\u00e3o para o in\u00edcio da opera\u00e7\u00e3o \u00e9 ano que vem.<\/p>\n<p>O Bom Dia Rio n\u00e3o conseguiu contato com a empresa GDK.<\/p>\n<p>Fonte: G1 Esp\u00edrito Santo<\/p>\n","protected":false},"excerpt":{"rendered":"<p>A\u00e7\u00e3o coletiva com 200 ex-funcion\u00e1rios busca os direitos Demitidos terceirizados da Petrobras foram \u00e0 Justi\u00e7a para buscar o pagamento integral das verbas rescis\u00f3rias. Um grupo&#8230;<\/p>\n","protected":false},"author":1182,"featured_media":28801,"comment_status":"closed","ping_status":"closed","sticky":false,"template":"","format":"standard","meta":{"footnotes":""},"categories":[6],"tags":[],"class_list":["post-32255","post","type-post","status-publish","format-standard","has-post-thumbnail","hentry","category-noticias"],"_links":{"self":[{"href":"https:\/\/www.sincomam.org.br\/index.php\/wp-json\/wp\/v2\/posts\/32255","targetHints":{"allow":["GET"]}}],"collection":[{"href":"https:\/\/www.sincomam.org.br\/index.php\/wp-json\/wp\/v2\/posts"}],"about":[{"href":"https:\/\/www.sincomam.org.br\/index.php\/wp-json\/wp\/v2\/types\/post"}],"author":[{"embeddable":true,"href":"https:\/\/www.sincomam.org.br\/index.php\/wp-json\/wp\/v2\/users\/1182"}],"replies":[{"embeddable":true,"href":"https:\/\/www.sincomam.org.br\/index.php\/wp-json\/wp\/v2\/comments?post=32255"}],"version-history":[{"count":1,"href":"https:\/\/www.sincomam.org.br\/index.php\/wp-json\/wp\/v2\/posts\/32255\/revisions"}],"predecessor-version":[{"id":32256,"href":"https:\/\/www.sincomam.org.br\/index.php\/wp-json\/wp\/v2\/posts\/32255\/revisions\/32256"}],"wp:featuredmedia":[{"embeddable":true,"href":"https:\/\/www.sincomam.org.br\/index.php\/wp-json\/wp\/v2\/media\/28801"}],"wp:attachment":[{"href":"https:\/\/www.sincomam.org.br\/index.php\/wp-json\/wp\/v2\/media?parent=32255"}],"wp:term":[{"taxonomy":"category","embeddable":true,"href":"https:\/\/www.sincomam.org.br\/index.php\/wp-json\/wp\/v2\/categories?post=32255"},{"taxonomy":"post_tag","embeddable":true,"href":"https:\/\/www.sincomam.org.br\/index.php\/wp-json\/wp\/v2\/tags?post=32255"}],"curies":[{"name":"wp","href":"https:\/\/api.w.org\/{rel}","templated":true}]}}