{"id":32209,"date":"2020-10-23T12:55:04","date_gmt":"2020-10-23T15:55:04","guid":{"rendered":"http:\/\/www.sincomam.org.br\/?p=32209"},"modified":"2020-10-23T12:55:04","modified_gmt":"2020-10-23T15:55:04","slug":"complexo-do-pecem-assina-memorando-com-multinacional-chinesa","status":"publish","type":"post","link":"https:\/\/www.sincomam.org.br\/index.php\/complexo-do-pecem-assina-memorando-com-multinacional-chinesa\/","title":{"rendered":"Complexo do Pec\u00e9m assina memorando com multinacional chinesa"},"content":{"rendered":"<p>O Completo do Pec\u00e9m e a multinacional chinesa Mingyang Smart Energy assinaram memorando de entendimento para a instala\u00e7\u00e3o de um parque e\u00f3lico offshore na regi\u00e3o do litoral norte do polo portu\u00e1rio e industrial.<\/p>\n<p><em>\u201cHoje o Complexo do Pec\u00e9m possui empresas que contribuem diretamente com a matriz energ\u00e9tica do Estado do Cear\u00e1. Agora, estamos iniciando os primeiros estudos de viabilidade em torno desse projeto pioneiro, um projeto de energia e\u00f3lica offshore, o que \u00e9 extremamente importante para o desenvolvimento e o consequente amadurecimento do setor de energias renov\u00e1veis no Brasil\u201d, afirmou Danilo Serpa, presidente do Complexo do Pec\u00e9m, durante a cerim\u00f4nia.<\/em><\/p>\n<p>No \u00faltimo m\u00eas de setembro, o governo do Cear\u00e1, que \u00e9 acionista majorit\u00e1rio do Complexo do Pec\u00e9m, j\u00e1 havia assinado um memorando com a Mingyang para formalizar a inten\u00e7\u00e3o de receber um complexo e\u00f3lico offshore no estado.<\/p>\n<p>Segundo previs\u00f5es iniciais, o empreendimento dever\u00e1 gerar aproximadamente 2 mil empregos durante sua fase inicial. De acordo com o titular da Secretaria do Desenvolvimento Econ\u00f4mico e Trabalho do Cear\u00e1 (Sedet-CE), Maia J\u00fanior, a expectativa \u00e9 de que o empreendimento da Mingyang esteja implantado at\u00e9 o ano de 2023, gerando emprego e renda para o estado.<\/p>\n<p>Para se instalar no Cear\u00e1, a empresa levou em considera\u00e7\u00e3o fatores como localiza\u00e7\u00e3o geogr\u00e1fica estrat\u00e9gica, que assegura potencial para a gera\u00e7\u00e3o de energia el\u00e9trica a partir de fontes renov\u00e1veis, assim como a infraestrutura do Complexo do Pec\u00e9m. O vice-presidente da Mingyang, inclusive, ressaltou a inten\u00e7\u00e3o do grupo chin\u00eas em transformar o Porto do Pec\u00e9m em um hub de exporta\u00e7\u00f5es para usinas e\u00f3licas offshore no Brasil e tamb\u00e9m no exterior.<\/p>\n<p>\u201cAcreditamos que a Mingyang e o Pec\u00e9m ser\u00e3o \u00f3timos parceiros. Nesse momento iniciamos uma nova etapa do projeto com a assinatura de um memorando espec\u00edfico. Na pr\u00f3xima fase pretendemos fazer um piloto (teste) de implanta\u00e7\u00e3o de turbina de e\u00f3lica offshore e com isso ser\u00e1 adquirido experi\u00eancia em design, or\u00e7amento, constru\u00e7\u00e3o e permiss\u00f5es legais para futuros projetos mais grandiosos. A Mingyang est\u00e1 disposta a compartilhar essa experi\u00eancia com o Estado do Cear\u00e1, com o Complexo do Pec\u00e9m e com a ind\u00fastria em geral. Esse dever\u00e1 ser o nosso primeiro projeto do tipo offshore em toda a Am\u00e9rica Latina, por isso planejamos iniciar a constru\u00e7\u00e3o j\u00e1 em 2022\u201d, conclui Larry Wang \u2013 Vice Presidente da Mingyang Smart Energy Group.<\/p>\n<p>Tamb\u00e9m participaram, virtualmente, da cerim\u00f4nia de assinatura do memorando, executivos da multinacional chinesa; da Secretaria do Desenvolvimento Econ\u00f4mico e Trabalho do Cear\u00e1 (SEDET); e do Complexo do Pec\u00e9m, al\u00e9m de representantes do Consulado-Geral da China no Recife.<\/p>\n<p><em>\u201cMesmo na pandemia, os dois pa\u00edses t\u00eam bases profundas, necessidades grandes e futuros brilhantes na coopera\u00e7\u00e3o. Nesta cerim\u00f4nia temos alguns objetivos principais: o primeiro \u00e9 testemunhar o nascimento deste projeto de grande import\u00e2ncia para a Mingyang Smart Energy, maior fabricante de aerogeradores da China. Quando o projeto estiver conclu\u00eddo, ser\u00e1 o primeiro na Am\u00e9rica do Sul acumulando assim experi\u00eancias valiosas na \u00e1rea de licenciamento, constru\u00e7\u00e3o e coopera\u00e7\u00e3o\u201d, enfatiza Yuqing Yan \u2013 C\u00f4nsul Geral do Consulado-Geral da China no Recife.<\/em><\/p>\n<p>Fonte: Portos e Navios<\/p>\n","protected":false},"excerpt":{"rendered":"<p>O Completo do Pec\u00e9m e a multinacional chinesa Mingyang Smart Energy assinaram memorando de entendimento para a instala\u00e7\u00e3o de um parque e\u00f3lico offshore na regi\u00e3o&#8230;<\/p>\n","protected":false},"author":1182,"featured_media":3207,"comment_status":"closed","ping_status":"closed","sticky":false,"template":"","format":"standard","meta":{"footnotes":""},"categories":[6],"tags":[1086,265,3992,3991],"class_list":["post-32209","post","type-post","status-publish","format-standard","has-post-thumbnail","hentry","category-noticias","tag-acordo","tag-china","tag-multinacional","tag-porto-pecem"],"_links":{"self":[{"href":"https:\/\/www.sincomam.org.br\/index.php\/wp-json\/wp\/v2\/posts\/32209","targetHints":{"allow":["GET"]}}],"collection":[{"href":"https:\/\/www.sincomam.org.br\/index.php\/wp-json\/wp\/v2\/posts"}],"about":[{"href":"https:\/\/www.sincomam.org.br\/index.php\/wp-json\/wp\/v2\/types\/post"}],"author":[{"embeddable":true,"href":"https:\/\/www.sincomam.org.br\/index.php\/wp-json\/wp\/v2\/users\/1182"}],"replies":[{"embeddable":true,"href":"https:\/\/www.sincomam.org.br\/index.php\/wp-json\/wp\/v2\/comments?post=32209"}],"version-history":[{"count":1,"href":"https:\/\/www.sincomam.org.br\/index.php\/wp-json\/wp\/v2\/posts\/32209\/revisions"}],"predecessor-version":[{"id":32210,"href":"https:\/\/www.sincomam.org.br\/index.php\/wp-json\/wp\/v2\/posts\/32209\/revisions\/32210"}],"wp:featuredmedia":[{"embeddable":true,"href":"https:\/\/www.sincomam.org.br\/index.php\/wp-json\/wp\/v2\/media\/3207"}],"wp:attachment":[{"href":"https:\/\/www.sincomam.org.br\/index.php\/wp-json\/wp\/v2\/media?parent=32209"}],"wp:term":[{"taxonomy":"category","embeddable":true,"href":"https:\/\/www.sincomam.org.br\/index.php\/wp-json\/wp\/v2\/categories?post=32209"},{"taxonomy":"post_tag","embeddable":true,"href":"https:\/\/www.sincomam.org.br\/index.php\/wp-json\/wp\/v2\/tags?post=32209"}],"curies":[{"name":"wp","href":"https:\/\/api.w.org\/{rel}","templated":true}]}}