{"id":32198,"date":"2020-10-23T10:21:45","date_gmt":"2020-10-23T13:21:45","guid":{"rendered":"http:\/\/www.sincomam.org.br\/?p=32198"},"modified":"2020-10-23T10:21:45","modified_gmt":"2020-10-23T13:21:45","slug":"covid-19-brasil-tem-248-mil-novos-casos-e-mais-497-mortes-em-24h","status":"publish","type":"post","link":"https:\/\/www.sincomam.org.br\/index.php\/covid-19-brasil-tem-248-mil-novos-casos-e-mais-497-mortes-em-24h\/","title":{"rendered":"Covid-19: Brasil tem 24,8 mil novos casos e mais 497 mortes em 24h"},"content":{"rendered":"<p><strong><em>At\u00e9 o momento, 4.779.295 pessoas j\u00e1 se recuperaram da doen\u00e7a<\/em><\/strong><\/p>\n<p>As autoridades de sa\u00fade registraram 24.858 novos casos e mais 497 mortes por covid-19 em 24 horas. Os dados foram coletados pelas secretarias estaduais de sa\u00fade e consolidados no \u00faltimo balan\u00e7o di\u00e1rio do Minist\u00e9rio da Sa\u00fade, divulgado na noite desta quinta-feira (22).<\/p>\n<p>Com o acr\u00e9scimo, o pa\u00eds chegou a 155.900 mortes causadas pelo novo coronav\u00edrus. Ontem, a contabilidade das autoridades de sa\u00fade marcava 155.403 \u00f3bitos por causa da covid-19. Ainda h\u00e1 2.408 falecimentos em investiga\u00e7\u00e3o.<\/p>\n<p>O n\u00famero de casos desde o in\u00edcio da pandemia atingiu 5.323.630. At\u00e9 ontem, o sistema do Minist\u00e9rio da Sa\u00fade trazia 5.298.772 casos acumulados da doen\u00e7a.<\/p>\n<p>Atualmente, 388.435 pacientes est\u00e3o em acompanhamento. De acordo com o Minist\u00e9rio da Sa\u00fade, 4.779.295 pessoas j\u00e1 se recuperaram da doen\u00e7a. Isso corresponde a 89,8% do total de brasileiros infectados.<\/p>\n<p><strong>Covid-19 nos Estados<\/strong><\/p>\n<p>Balan\u00e7o &#8211; divulgado ontem (22) pela Secretaria estadual da Sa\u00fade &#8211; aponta que o estado de S\u00e3o Paulo tem, at\u00e9 este momento, 1.076.939 casos confirmados do novo coronav\u00edrus, com 38.482 mortes. Do total de casos diagnosticados, 965.420 pessoas j\u00e1 est\u00e3o recuperadas.<\/p>\n<p>O total de pessoas internadas no estado atualmente, em casos suspeitos ou confirmados de covid-19, \u00e9 de 7.185. Desse total, 3.165 pessoas est\u00e3o internadas em estado grave. A taxa de ocupa\u00e7\u00e3o de leitos de unidades de terapia intensiva (UTI) \u00e9 de 40,1% no estado e de 40,2% na Grande S\u00e3o Paulo.<\/p>\n<p>Por causa da queda na taxa de ocupa\u00e7\u00e3o de leitos de UTI no estado, a Central de Transplantes de S\u00e3o Paulo autorizou ontem (21) a retomada das cirurgias eletivas de c\u00f3rnea no estado, estabelecendo protocolos de seguran\u00e7a e de preven\u00e7\u00e3o \u00e0 covid-19. Hoje, 3.583 pessoas est\u00e3o \u00e0 espera de c\u00f3rneas.<\/p>\n<p>Depois de S\u00e3o Paulo, os estados com mais mortes provocadas pelo novo coronav\u00edrus s\u00e3o Rio de Janeiro (20.021), Cear\u00e1 (9.243), Minas Gerais (8.621) e Pernambuco (8.527). As Unidades da Federa\u00e7\u00e3o com menos casos s\u00e3o Acre (685), Roraima (690), Amap\u00e1 (738), Tocantins (1.072) e Mato Grosso do Sul (1.524).<\/p>\n<p>Fonte: Ag\u00eancia Brasil<\/p>\n","protected":false},"excerpt":{"rendered":"<p>At\u00e9 o momento, 4.779.295 pessoas j\u00e1 se recuperaram da doen\u00e7a As autoridades de sa\u00fade registraram 24.858 novos casos e mais 497 mortes por covid-19 em&#8230;<\/p>\n","protected":false},"author":1182,"featured_media":28525,"comment_status":"closed","ping_status":"closed","sticky":false,"template":"","format":"standard","meta":{"footnotes":""},"categories":[6],"tags":[577,61,2778,2800,2751,1458,1005],"class_list":["post-32198","post","type-post","status-publish","format-standard","has-post-thumbnail","hentry","category-noticias","tag-balanco","tag-brasil","tag-casos","tag-confirmados","tag-covid-19","tag-doenca","tag-mortes"],"_links":{"self":[{"href":"https:\/\/www.sincomam.org.br\/index.php\/wp-json\/wp\/v2\/posts\/32198","targetHints":{"allow":["GET"]}}],"collection":[{"href":"https:\/\/www.sincomam.org.br\/index.php\/wp-json\/wp\/v2\/posts"}],"about":[{"href":"https:\/\/www.sincomam.org.br\/index.php\/wp-json\/wp\/v2\/types\/post"}],"author":[{"embeddable":true,"href":"https:\/\/www.sincomam.org.br\/index.php\/wp-json\/wp\/v2\/users\/1182"}],"replies":[{"embeddable":true,"href":"https:\/\/www.sincomam.org.br\/index.php\/wp-json\/wp\/v2\/comments?post=32198"}],"version-history":[{"count":1,"href":"https:\/\/www.sincomam.org.br\/index.php\/wp-json\/wp\/v2\/posts\/32198\/revisions"}],"predecessor-version":[{"id":32199,"href":"https:\/\/www.sincomam.org.br\/index.php\/wp-json\/wp\/v2\/posts\/32198\/revisions\/32199"}],"wp:featuredmedia":[{"embeddable":true,"href":"https:\/\/www.sincomam.org.br\/index.php\/wp-json\/wp\/v2\/media\/28525"}],"wp:attachment":[{"href":"https:\/\/www.sincomam.org.br\/index.php\/wp-json\/wp\/v2\/media?parent=32198"}],"wp:term":[{"taxonomy":"category","embeddable":true,"href":"https:\/\/www.sincomam.org.br\/index.php\/wp-json\/wp\/v2\/categories?post=32198"},{"taxonomy":"post_tag","embeddable":true,"href":"https:\/\/www.sincomam.org.br\/index.php\/wp-json\/wp\/v2\/tags?post=32198"}],"curies":[{"name":"wp","href":"https:\/\/api.w.org\/{rel}","templated":true}]}}