{"id":32188,"date":"2020-10-22T11:36:38","date_gmt":"2020-10-22T14:36:38","guid":{"rendered":"http:\/\/www.sincomam.org.br\/?p=32188"},"modified":"2020-10-22T11:36:38","modified_gmt":"2020-10-22T14:36:38","slug":"eduardo-nery-e-indicado-para-diretoria-geral-da-antaq","status":"publish","type":"post","link":"https:\/\/www.sincomam.org.br\/index.php\/eduardo-nery-e-indicado-para-diretoria-geral-da-antaq\/","title":{"rendered":"Eduardo Nery \u00e9 indicado para Diretoria-Geral da ANTAQ"},"content":{"rendered":"<p><em><strong>Comiss\u00e3o aprova nome de indicado para o comando da ag\u00eancia<\/strong><\/em><\/p>\n<p>O Plen\u00e1rio do Senado aprovou nesta ter\u00e7a-feira (20) o nome de Eduardo Nery Machado Filho para o cargo de diretor-geral da Ag\u00eancia Nacional de Transportes Aquavi\u00e1rios (Antaq). Foram 39 votos favor\u00e1veis, cinco contra e houve uma absten\u00e7\u00e3o. Agora, o presidente da Rep\u00fablica, Jair Bolsonaro, deve nomear Nery nos pr\u00f3ximos dias.<\/p>\n<p>Durante a sabatina, Eduardo Nery disse que pretende estreitar rela\u00e7\u00f5es com o Congresso na busca por solu\u00e7\u00f5es para o setor. Ele tamb\u00e9m reafirmou o compromisso com a estabilidade regulat\u00f3ria, com a governan\u00e7a, com a transpar\u00eancia, com a redu\u00e7\u00e3o da burocracia e com a defesa da amplia\u00e7\u00e3o da concorr\u00eancia.<\/p>\n<p>Para 2021, o indicado lembrou que a Antaq vai ter papel fundamental na organiza\u00e7\u00e3o de leil\u00f5es de \u00e1reas portu\u00e1rias. Ele citou um estudo do Tribunal de Contas da Uni\u00e3o (TCU) segundo o qual o\u00a0processo licitat\u00f3rio para o arrendamento portu\u00e1rio \u00e9 complexo, r\u00edgido e moroso, incompat\u00edvel com a agilidade necess\u00e1ria que se espera para atender as demandas do setor.<\/p>\n<p>*Com informa\u00e7\u00f5es da ANTAQ e Ag\u00eancia Senado<\/p>\n","protected":false},"excerpt":{"rendered":"<p>Comiss\u00e3o aprova nome de indicado para o comando da ag\u00eancia O Plen\u00e1rio do Senado aprovou nesta ter\u00e7a-feira (20) o nome de Eduardo Nery Machado Filho&#8230;<\/p>\n","protected":false},"author":1182,"featured_media":6017,"comment_status":"closed","ping_status":"closed","sticky":false,"template":"","format":"standard","meta":{"footnotes":""},"categories":[6],"tags":[1384,301,818,3980,3983,3585,924],"class_list":["post-32188","post","type-post","status-publish","format-standard","has-post-thumbnail","hentry","category-noticias","tag-agencia","tag-antaq","tag-aprovacao","tag-diretor-geral","tag-eduardo-nery","tag-plenario","tag-senado"],"_links":{"self":[{"href":"https:\/\/www.sincomam.org.br\/index.php\/wp-json\/wp\/v2\/posts\/32188","targetHints":{"allow":["GET"]}}],"collection":[{"href":"https:\/\/www.sincomam.org.br\/index.php\/wp-json\/wp\/v2\/posts"}],"about":[{"href":"https:\/\/www.sincomam.org.br\/index.php\/wp-json\/wp\/v2\/types\/post"}],"author":[{"embeddable":true,"href":"https:\/\/www.sincomam.org.br\/index.php\/wp-json\/wp\/v2\/users\/1182"}],"replies":[{"embeddable":true,"href":"https:\/\/www.sincomam.org.br\/index.php\/wp-json\/wp\/v2\/comments?post=32188"}],"version-history":[{"count":1,"href":"https:\/\/www.sincomam.org.br\/index.php\/wp-json\/wp\/v2\/posts\/32188\/revisions"}],"predecessor-version":[{"id":32189,"href":"https:\/\/www.sincomam.org.br\/index.php\/wp-json\/wp\/v2\/posts\/32188\/revisions\/32189"}],"wp:featuredmedia":[{"embeddable":true,"href":"https:\/\/www.sincomam.org.br\/index.php\/wp-json\/wp\/v2\/media\/6017"}],"wp:attachment":[{"href":"https:\/\/www.sincomam.org.br\/index.php\/wp-json\/wp\/v2\/media?parent=32188"}],"wp:term":[{"taxonomy":"category","embeddable":true,"href":"https:\/\/www.sincomam.org.br\/index.php\/wp-json\/wp\/v2\/categories?post=32188"},{"taxonomy":"post_tag","embeddable":true,"href":"https:\/\/www.sincomam.org.br\/index.php\/wp-json\/wp\/v2\/tags?post=32188"}],"curies":[{"name":"wp","href":"https:\/\/api.w.org\/{rel}","templated":true}]}}