{"id":32184,"date":"2020-10-22T11:25:49","date_gmt":"2020-10-22T14:25:49","guid":{"rendered":"http:\/\/www.sincomam.org.br\/?p=32184"},"modified":"2020-10-22T11:25:49","modified_gmt":"2020-10-22T14:25:49","slug":"forcas-armadas-operacao-de-combate-a-covid-19-completa-sete-meses","status":"publish","type":"post","link":"https:\/\/www.sincomam.org.br\/index.php\/forcas-armadas-operacao-de-combate-a-covid-19-completa-sete-meses\/","title":{"rendered":"For\u00e7as Armadas: Opera\u00e7\u00e3o de combate \u00e0 Covid-19 completa sete meses"},"content":{"rendered":"<p><strong><em>Militares j\u00e1 transportaram mais de 23 mil toneladas de materiais; <\/em><\/strong><strong><em>Opera\u00e7\u00e3o desenvolve a\u00e7\u00f5es em apoio a \u00f3rg\u00e3os de sa\u00fade em todo o Pa\u00eds<\/em><\/strong><\/p>\n<p>O Minist\u00e9rio da Defesa informou que a Opera\u00e7\u00e3o Covid-19 completou, nesta ter\u00e7a-feira (20), sete meses de combate \u00e0 pandemia do novo coronav\u00edrus. Segundo a Defesa, foram realizadas a\u00e7\u00f5es como arrecada\u00e7\u00e3o e distribui\u00e7\u00e3o de alimentos, transporte de respiradores, de materiais hospitalares e apoio a comunidades ind\u00edgenas, com envio de profissionais de sa\u00fade e medicamentos.<\/p>\n<p>Desde o in\u00edcio da opera\u00e7\u00e3o, em 20 de mar\u00e7o, os militares j\u00e1 desinfectaram quase 7 mil locais com grande circula\u00e7\u00e3o de pessoas e transportaram mais de 23 mil toneladas de equipamentos de prote\u00e7\u00e3o individual, respiradores e medicamentos.<a href=\"https:\/\/www.sincomam.org.br\/wp-content\/uploads\/2020\/10\/Boletim-1.jpeg\" target=\"_blank\" rel=\"noopener noreferrer\"><img fetchpriority=\"high\" decoding=\"async\" class=\"wp-image-32186 size-medium_large alignleft\" src=\"https:\/\/www.sincomam.org.br\/wp-content\/uploads\/2020\/10\/Boletim-1-768x432.jpeg\" alt=\"\" width=\"768\" height=\"432\" srcset=\"https:\/\/www.sincomam.org.br\/wp-content\/uploads\/2020\/10\/Boletim-1-768x432.jpeg 768w, https:\/\/www.sincomam.org.br\/wp-content\/uploads\/2020\/10\/Boletim-1-300x169.jpeg 300w, https:\/\/www.sincomam.org.br\/wp-content\/uploads\/2020\/10\/Boletim-1.jpeg 800w\" sizes=\"(max-width: 768px) 100vw, 768px\" \/><\/a><\/p>\n<p><em>\u201cAproximadamente 110 mil ind\u00edgenas j\u00e1 foram beneficiados com atendimento m\u00e9dico e com 43 mil toneladas de medicamentos e testes r\u00e1pidos de Covid. A opera\u00e7\u00e3o chegou a empregar, diariamente, cerca de 34 mil militares da Marinha, do Ex\u00e9rcito e da Aeron\u00e1utica, efetivo superior ao da For\u00e7a Expedicion\u00e1ria Brasileira na Segunda Guerra Mundial\u201d, acrescentou o Minist\u00e9rio.<\/em><\/p>\n<p>O Almirante Carlos Chagas, porta-voz do Minist\u00e9rio da Defesa, explica como a pasta planeja e executa as a\u00e7\u00f5es da Opera\u00e7\u00e3o Covid-19. \u201cAs For\u00e7as Armadas est\u00e3o espalhadas em todo o territ\u00f3rio nacional. Isso d\u00e1 uma capilaridade, uma capacidade de atuar prontamente no apoio \u00e0 popula\u00e7\u00e3o. E, para isso, foram estabelecidos 10 Comandos Conjuntos. Eles foram criados, exatamente, para facilitar o apoio \u00e0 popula\u00e7\u00e3o. Ent\u00e3o, eles s\u00e3o coordenados por meio de um centro de opera\u00e7\u00f5es conjuntas, localizado no Minist\u00e9rio da Defesa e, ao mesmo tempo, eles interagem com os governadores dos estados e com os prefeitos, exatamente para identificar aquelas demandas que s\u00e3o mais prementes, de acordo com a fase da pandemia pela qual aquele estado, aquela cidade passa\u201d, detalhou o oficial, em comunicado.<\/p>\n<p>As For\u00e7as Armadas continuam realizando a\u00e7\u00f5es de descontamina\u00e7\u00e3o em todo o Pa\u00eds.<\/p>\n<p>*Com informa\u00e7\u00f5es do Minist\u00e9rio da Defesa<\/p>\n<p>Fotos: Divulga\u00e7\u00e3o For\u00e7as Armadas e Marcelo Camargo\/Ag\u00eancia Brasil<\/p>\n","protected":false},"excerpt":{"rendered":"<p>Militares j\u00e1 transportaram mais de 23 mil toneladas de materiais; Opera\u00e7\u00e3o desenvolve a\u00e7\u00f5es em apoio a \u00f3rg\u00e3os de sa\u00fade em todo o Pa\u00eds O Minist\u00e9rio&#8230;<\/p>\n","protected":false},"author":1182,"featured_media":32185,"comment_status":"closed","ping_status":"closed","sticky":false,"template":"","format":"standard","meta":{"footnotes":""},"categories":[6],"tags":[590,61,2840,2752,2751,827,894,3683,519,189],"class_list":["post-32184","post","type-post","status-publish","format-standard","has-post-thumbnail","hentry","category-noticias","tag-acoes","tag-brasil","tag-combate","tag-coronavirus","tag-covid-19","tag-equipamentos","tag-forcas-armadas","tag-ministerio-da-defesa","tag-saude","tag-transporte"],"_links":{"self":[{"href":"https:\/\/www.sincomam.org.br\/index.php\/wp-json\/wp\/v2\/posts\/32184","targetHints":{"allow":["GET"]}}],"collection":[{"href":"https:\/\/www.sincomam.org.br\/index.php\/wp-json\/wp\/v2\/posts"}],"about":[{"href":"https:\/\/www.sincomam.org.br\/index.php\/wp-json\/wp\/v2\/types\/post"}],"author":[{"embeddable":true,"href":"https:\/\/www.sincomam.org.br\/index.php\/wp-json\/wp\/v2\/users\/1182"}],"replies":[{"embeddable":true,"href":"https:\/\/www.sincomam.org.br\/index.php\/wp-json\/wp\/v2\/comments?post=32184"}],"version-history":[{"count":1,"href":"https:\/\/www.sincomam.org.br\/index.php\/wp-json\/wp\/v2\/posts\/32184\/revisions"}],"predecessor-version":[{"id":32187,"href":"https:\/\/www.sincomam.org.br\/index.php\/wp-json\/wp\/v2\/posts\/32184\/revisions\/32187"}],"wp:featuredmedia":[{"embeddable":true,"href":"https:\/\/www.sincomam.org.br\/index.php\/wp-json\/wp\/v2\/media\/32185"}],"wp:attachment":[{"href":"https:\/\/www.sincomam.org.br\/index.php\/wp-json\/wp\/v2\/media?parent=32184"}],"wp:term":[{"taxonomy":"category","embeddable":true,"href":"https:\/\/www.sincomam.org.br\/index.php\/wp-json\/wp\/v2\/categories?post=32184"},{"taxonomy":"post_tag","embeddable":true,"href":"https:\/\/www.sincomam.org.br\/index.php\/wp-json\/wp\/v2\/tags?post=32184"}],"curies":[{"name":"wp","href":"https:\/\/api.w.org\/{rel}","templated":true}]}}