{"id":32181,"date":"2020-10-22T11:05:32","date_gmt":"2020-10-22T14:05:32","guid":{"rendered":"http:\/\/www.sincomam.org.br\/?p=32181"},"modified":"2020-10-22T11:05:45","modified_gmt":"2020-10-22T14:05:45","slug":"programa-de-desenvolvimento-de-submarinos-da-marinha-avanca-com-montagem-de-reator","status":"publish","type":"post","link":"https:\/\/www.sincomam.org.br\/index.php\/programa-de-desenvolvimento-de-submarinos-da-marinha-avanca-com-montagem-de-reator\/","title":{"rendered":"Programa de Desenvolvimento de Submarinos  da Marinha avan\u00e7a com montagem de reator"},"content":{"rendered":"<p><strong><em>Complexo Naval de Itagua\u00ed \u00e9 o ber\u00e7o da constru\u00e7\u00e3o de mais quatro submarinos brasileiros<\/em><\/strong><\/p>\n<p>O in\u00edcio da montagem do Reator de Prot\u00f3tipo de Propuls\u00e3o Nuclear, do Programa de Desenvolvimento de Submarinos (PROSUB), foi celebrado nesta quarta-feira (21), no Centro Experimental Aramar, em Iper\u00f3, S\u00e3o Paulo. Na ocasi\u00e3o, o Ministro da Defesa, Fernando Azevedo, acompanhou o Presidente da Rep\u00fablica, Jair Bolsonaro, durante a solenidade, que tamb\u00e9m contou com a presen\u00e7a do Comandante da Marinha, Almirante Ilques Barbosa.<\/p>\n<p>A cerim\u00f4nia, realizada no complexo do Laborat\u00f3rio de Gera\u00e7\u00e3o Nucleoel\u00e9trica (LABGENE), representa o come\u00e7o de importante etapa do PROSUB, que integra o Programa Nuclear da Marinha (PNM). Isso porque a montagem do reator ser\u00e1, futuramente, replicada na constru\u00e7\u00e3o do primeiro submarino brasileiro com propuls\u00e3o nuclear, o \u201c\u00c1lvaro Alberto\u201d.<\/p>\n<p>Nas pr\u00f3ximas fases do programa, o reator, bem como os turbogeradores, o motor el\u00e9trico e outros sistemas similares aos de um submarino com propuls\u00e3o nuclear ser\u00e3o testados de forma controlada no LABGENE. O prop\u00f3sito \u00e9 validar a opera\u00e7\u00e3o do reator e dos diversos sistemas eletromec\u00e2nicos integrados a ele, antes da instala\u00e7\u00e3o no submarino.<\/p>\n<p>Finalizados os testes, um reator similar ser\u00e1 instalado no submarino \u00c1lvaro Alberto, em proje\u00e7\u00e3o no Complexo Naval de Itagua\u00ed, no Rio de Janeiro. \u00c9 em Itagua\u00ed que s\u00e3o desenvolvidos os quatro submarinos com propuls\u00e3o diesel-el\u00e9trica, tamb\u00e9m previstos no PROSUB: o Riachuelo (S-40), j\u00e1 lan\u00e7ado, o Humait\u00e1 (S-41), o Tonelero (S-42) e o Angostura (S-43).<\/p>\n<p>O PNM e o PROSUB integram Programas da Defesa brasileira e fomentam a capacidade do pa\u00eds de projetar, construir, operar e manter submarinos com propuls\u00e3o nuclear. Com isso, o Brasil integrar\u00e1 o rol de cinco pa\u00edses com essas compet\u00eancias. S\u00e3o eles: Estados Unidos, Reino Unido, Fran\u00e7a e China. Os submarinos s\u00e3o essenciais, n\u00e3o s\u00f3 para a pol\u00edtica de defesa, mas tamb\u00e9m para estimular o desenvolvimento nacional e garantir a soberania naval.<\/p>\n<p>O Ministro da Defesa destacou que \u201co PROSUB \u00e9 de extrema import\u00e2ncia para o Brasil, pois agrega capacidade operativa da Marinha e acrescenta poder dissuas\u00f3rio muito grande \u00e0s nossas For\u00e7as Armadas e \u00e0 defesa do nosso Pa\u00eds\u201d.<\/p>\n<p>Por Mariana Alvarenga, com informa\u00e7\u00f5es da Marinha<\/p>\n","protected":false},"excerpt":{"rendered":"<p>Complexo Naval de Itagua\u00ed \u00e9 o ber\u00e7o da constru\u00e7\u00e3o de mais quatro submarinos brasileiros O in\u00edcio da montagem do Reator de Prot\u00f3tipo de Propuls\u00e3o Nuclear,&#8230;<\/p>\n","protected":false},"author":1182,"featured_media":32182,"comment_status":"closed","ping_status":"closed","sticky":false,"template":"","format":"standard","meta":{"footnotes":""},"categories":[6],"tags":[3369,3120,1013,3173,367,3643,90,430],"class_list":["post-32181","post","type-post","status-publish","format-standard","has-post-thumbnail","hentry","category-noticias","tag-avanco","tag-itaguai","tag-marinha-do-brasil","tag-montagem","tag-projeto","tag-prosub","tag-reator","tag-submarino"],"_links":{"self":[{"href":"https:\/\/www.sincomam.org.br\/index.php\/wp-json\/wp\/v2\/posts\/32181","targetHints":{"allow":["GET"]}}],"collection":[{"href":"https:\/\/www.sincomam.org.br\/index.php\/wp-json\/wp\/v2\/posts"}],"about":[{"href":"https:\/\/www.sincomam.org.br\/index.php\/wp-json\/wp\/v2\/types\/post"}],"author":[{"embeddable":true,"href":"https:\/\/www.sincomam.org.br\/index.php\/wp-json\/wp\/v2\/users\/1182"}],"replies":[{"embeddable":true,"href":"https:\/\/www.sincomam.org.br\/index.php\/wp-json\/wp\/v2\/comments?post=32181"}],"version-history":[{"count":1,"href":"https:\/\/www.sincomam.org.br\/index.php\/wp-json\/wp\/v2\/posts\/32181\/revisions"}],"predecessor-version":[{"id":32183,"href":"https:\/\/www.sincomam.org.br\/index.php\/wp-json\/wp\/v2\/posts\/32181\/revisions\/32183"}],"wp:featuredmedia":[{"embeddable":true,"href":"https:\/\/www.sincomam.org.br\/index.php\/wp-json\/wp\/v2\/media\/32182"}],"wp:attachment":[{"href":"https:\/\/www.sincomam.org.br\/index.php\/wp-json\/wp\/v2\/media?parent=32181"}],"wp:term":[{"taxonomy":"category","embeddable":true,"href":"https:\/\/www.sincomam.org.br\/index.php\/wp-json\/wp\/v2\/categories?post=32181"},{"taxonomy":"post_tag","embeddable":true,"href":"https:\/\/www.sincomam.org.br\/index.php\/wp-json\/wp\/v2\/tags?post=32181"}],"curies":[{"name":"wp","href":"https:\/\/api.w.org\/{rel}","templated":true}]}}