{"id":32158,"date":"2020-10-21T08:55:31","date_gmt":"2020-10-21T11:55:31","guid":{"rendered":"http:\/\/www.sincomam.org.br\/?p=32158"},"modified":"2020-10-21T08:55:31","modified_gmt":"2020-10-21T11:55:31","slug":"eduardo-nery-e-indicado-pelo-senado-para-diretoria-geral-da-antaq","status":"publish","type":"post","link":"https:\/\/www.sincomam.org.br\/index.php\/eduardo-nery-e-indicado-pelo-senado-para-diretoria-geral-da-antaq\/","title":{"rendered":"Eduardo Nery \u00e9 indicado pelo Senado para diretoria-geral da ANTAQ"},"content":{"rendered":"<p>A Comiss\u00e3o de Infraestrutura (CI) aprovou a indica\u00e7\u00e3o de Eduardo Nery Machado Filho para o cargo de diretor-geral da Ag\u00eancia Nacional de Transportes Aquavi\u00e1rios (Antaq). O indicado recebeu 14 votos favor\u00e1veis e um contr\u00e1rio e agora ser\u00e1 avaliado pelos demais senadores em Plen\u00e1rio.<\/p>\n<p>Durante a sabatina, Eduardo Nery Machado Filho disse que pretende estreitar rela\u00e7\u00f5es com o Congresso na busca por solu\u00e7\u00f5es para o setor. Ele tamb\u00e9m reafirmou o compromisso com a estabilidade regulat\u00f3ria, com a governan\u00e7a, com a transpar\u00eancia, com a redu\u00e7\u00e3o da burocracia e com a defesa da amplia\u00e7\u00e3o da concorr\u00eancia.<\/p>\n<p>O indicado disse ainda que a tarefa de regula\u00e7\u00e3o deve ser empreendida com prud\u00eancia a fim de que sejam evitados entraves burocr\u00e1ticos desnecess\u00e1rios. Em rela\u00e7\u00e3o \u00e0 fiscaliza\u00e7\u00e3o, ele defendeu uma a\u00e7\u00e3o responsiva, em que o comportamento pregresso do prestador do servi\u00e7o determina a frequ\u00eancia e a intensidade das atividades fiscalizat\u00f3rias.<\/p>\n<p><strong>Leil\u00f5es<\/strong><\/p>\n<p>Para 2021, Eduardo Nery lembrou que a Antaq vai ter papel fundamental na organiza\u00e7\u00e3o de leil\u00f5es de \u00e1reas portu\u00e1rias. Ele citou um estudo do Tribunal de Contas da Uni\u00e3o (TCU) segundo o qual o processo licitat\u00f3rio para o arrendamento portu\u00e1rio \u00e9 complexo, r\u00edgido e moroso, incompat\u00edvel com a agilidade necess\u00e1ria que se espera para atender as demandas do setor.<\/p>\n<p>Fonte: Informativo dos Portos<\/p>\n","protected":false},"excerpt":{"rendered":"<p>A Comiss\u00e3o de Infraestrutura (CI) aprovou a indica\u00e7\u00e3o de Eduardo Nery Machado Filho para o cargo de diretor-geral da Ag\u00eancia Nacional de Transportes Aquavi\u00e1rios (Antaq)&#8230;.<\/p>\n","protected":false},"author":1182,"featured_media":6017,"comment_status":"closed","ping_status":"closed","sticky":false,"template":"","format":"standard","meta":{"footnotes":""},"categories":[6],"tags":[301,3980,55,69,924],"class_list":["post-32158","post","type-post","status-publish","format-standard","has-post-thumbnail","hentry","category-noticias","tag-antaq","tag-diretor-geral","tag-leilao","tag-portos","tag-senado"],"_links":{"self":[{"href":"https:\/\/www.sincomam.org.br\/index.php\/wp-json\/wp\/v2\/posts\/32158","targetHints":{"allow":["GET"]}}],"collection":[{"href":"https:\/\/www.sincomam.org.br\/index.php\/wp-json\/wp\/v2\/posts"}],"about":[{"href":"https:\/\/www.sincomam.org.br\/index.php\/wp-json\/wp\/v2\/types\/post"}],"author":[{"embeddable":true,"href":"https:\/\/www.sincomam.org.br\/index.php\/wp-json\/wp\/v2\/users\/1182"}],"replies":[{"embeddable":true,"href":"https:\/\/www.sincomam.org.br\/index.php\/wp-json\/wp\/v2\/comments?post=32158"}],"version-history":[{"count":1,"href":"https:\/\/www.sincomam.org.br\/index.php\/wp-json\/wp\/v2\/posts\/32158\/revisions"}],"predecessor-version":[{"id":32159,"href":"https:\/\/www.sincomam.org.br\/index.php\/wp-json\/wp\/v2\/posts\/32158\/revisions\/32159"}],"wp:featuredmedia":[{"embeddable":true,"href":"https:\/\/www.sincomam.org.br\/index.php\/wp-json\/wp\/v2\/media\/6017"}],"wp:attachment":[{"href":"https:\/\/www.sincomam.org.br\/index.php\/wp-json\/wp\/v2\/media?parent=32158"}],"wp:term":[{"taxonomy":"category","embeddable":true,"href":"https:\/\/www.sincomam.org.br\/index.php\/wp-json\/wp\/v2\/categories?post=32158"},{"taxonomy":"post_tag","embeddable":true,"href":"https:\/\/www.sincomam.org.br\/index.php\/wp-json\/wp\/v2\/tags?post=32158"}],"curies":[{"name":"wp","href":"https:\/\/api.w.org\/{rel}","templated":true}]}}