{"id":32137,"date":"2020-10-20T14:07:42","date_gmt":"2020-10-20T17:07:42","guid":{"rendered":"http:\/\/www.sincomam.org.br\/?p=32137"},"modified":"2020-10-20T14:07:42","modified_gmt":"2020-10-20T17:07:42","slug":"governo-anuncia-o-plano-de-incorporacao-das-empresas-valec-e-epl","status":"publish","type":"post","link":"https:\/\/www.sincomam.org.br\/index.php\/governo-anuncia-o-plano-de-incorporacao-das-empresas-valec-e-epl\/","title":{"rendered":"Governo anuncia o plano de incorpora\u00e7\u00e3o das empresas Valec e EPL"},"content":{"rendered":"<p><strong><em>Objetivo da uni\u00e3o das estatais \u00e9 tornar a gest\u00e3o das empresas mais eficiente e reduzir gastos p\u00fablicos<\/em><\/strong><\/p>\n<p>O Minist\u00e9rio da Infraestrutura (MInfra) anunciou nesta segunda-feira (19) a jun\u00e7\u00e3o das estatais Valec e da Empresa de Planejamento e Log\u00edstica (EPL), que passam a constituir uma \u00fanica empresa chamada Infra S.A..<\/p>\n<p>Segundo o MInfra, a incorpora\u00e7\u00e3o das empresas deve \u201creduzir os custos de manuten\u00e7\u00e3o da Uni\u00e3o e priorizar\u00e1 o que h\u00e1 de melhor em conhecimento e capital humano de ambas para projetos de infraestrutura\u201d.<\/p>\n<p>A previs\u00e3o \u00e9 que o plano de reestrutura\u00e7\u00e3o seja apresentado em 90 dias e todo o processo de jun\u00e7\u00e3o esteja conclu\u00eddo em 270 dias. O Minist\u00e9rio informou ainda que, ser\u00e3o realizadas avalia\u00e7\u00f5es trimestrais de acompanhamento da nova empresa.<\/p>\n<p>A Infra S.A. ter\u00e1 a miss\u00e3o de estruturar os projetos de concess\u00e3o de ativos \u00e0 iniciativa privada em longo prazo. <em>\u201cO que espero de todos os gestores e servidores da Valec e EPL \u00e9 o engajamento nesse processo para que possamos projetar uma nova empresa que nas\u00e7a sem as mazelas do passado, com governan\u00e7a e instrumentos que nos ajudem a pensar a infraestrutura no Brasil\u201d,<\/em> declarou o ministro Tarc\u00edsio Gomes de Freitas, em nota publicada pela pasta.<\/p>\n<p>A EPL ficou conhecida como a estatal do trem-bala no Brasil, criada em 2012 para implementar o projeto do trem que ligaria o Rio de Janeiro \u00e0 S\u00e3o Paulo, que nunca saiu do papel. O projeto do trem de alta velocidade estima 511 quil\u00f4metros entre as duas capitais.<\/p>\n<p>Foto: divulga\u00e7\u00e3o<\/p>\n","protected":false},"excerpt":{"rendered":"<p>Objetivo da uni\u00e3o das estatais \u00e9 tornar a gest\u00e3o das empresas mais eficiente e reduzir gastos p\u00fablicos O Minist\u00e9rio da Infraestrutura (MInfra) anunciou nesta segunda-feira&#8230;<\/p>\n","protected":false},"author":1182,"featured_media":32139,"comment_status":"closed","ping_status":"closed","sticky":false,"template":"","format":"standard","meta":{"footnotes":""},"categories":[6],"tags":[3975,1263,192,2979,2766,767,1151,3974],"class_list":["post-32137","post","type-post","status-publish","format-standard","has-post-thumbnail","hentry","category-noticias","tag-epl","tag-estatal","tag-governo","tag-ministerio-da-infraestrutura","tag-plano","tag-reducao","tag-reestruturacao","tag-valec"],"_links":{"self":[{"href":"https:\/\/www.sincomam.org.br\/index.php\/wp-json\/wp\/v2\/posts\/32137","targetHints":{"allow":["GET"]}}],"collection":[{"href":"https:\/\/www.sincomam.org.br\/index.php\/wp-json\/wp\/v2\/posts"}],"about":[{"href":"https:\/\/www.sincomam.org.br\/index.php\/wp-json\/wp\/v2\/types\/post"}],"author":[{"embeddable":true,"href":"https:\/\/www.sincomam.org.br\/index.php\/wp-json\/wp\/v2\/users\/1182"}],"replies":[{"embeddable":true,"href":"https:\/\/www.sincomam.org.br\/index.php\/wp-json\/wp\/v2\/comments?post=32137"}],"version-history":[{"count":1,"href":"https:\/\/www.sincomam.org.br\/index.php\/wp-json\/wp\/v2\/posts\/32137\/revisions"}],"predecessor-version":[{"id":32140,"href":"https:\/\/www.sincomam.org.br\/index.php\/wp-json\/wp\/v2\/posts\/32137\/revisions\/32140"}],"wp:featuredmedia":[{"embeddable":true,"href":"https:\/\/www.sincomam.org.br\/index.php\/wp-json\/wp\/v2\/media\/32139"}],"wp:attachment":[{"href":"https:\/\/www.sincomam.org.br\/index.php\/wp-json\/wp\/v2\/media?parent=32137"}],"wp:term":[{"taxonomy":"category","embeddable":true,"href":"https:\/\/www.sincomam.org.br\/index.php\/wp-json\/wp\/v2\/categories?post=32137"},{"taxonomy":"post_tag","embeddable":true,"href":"https:\/\/www.sincomam.org.br\/index.php\/wp-json\/wp\/v2\/tags?post=32137"}],"curies":[{"name":"wp","href":"https:\/\/api.w.org\/{rel}","templated":true}]}}