{"id":32112,"date":"2020-10-19T12:10:25","date_gmt":"2020-10-19T15:10:25","guid":{"rendered":"http:\/\/www.sincomam.org.br\/?p=32112"},"modified":"2020-10-19T12:10:25","modified_gmt":"2020-10-19T15:10:25","slug":"estudo-comprova-presenca-do-coronavirus-no-cerebro-de-pacientes","status":"publish","type":"post","link":"https:\/\/www.sincomam.org.br\/index.php\/estudo-comprova-presenca-do-coronavirus-no-cerebro-de-pacientes\/","title":{"rendered":"Estudo comprova presen\u00e7a do coronav\u00edrus no c\u00e9rebro de pacientes"},"content":{"rendered":"<p><strong><em>A pesquisa detectou ainda altera\u00e7\u00f5es morfol\u00f3gicas causadas pelo v\u00edrus<\/em><\/strong><\/p>\n<p>Pesquisadores da Universidade Estadual de Campinas (Unicamp) encontraram o novo coronav\u00edrus em c\u00e9rebros de pacientes mortos pela doen\u00e7a, al\u00e9m de altera\u00e7\u00f5es morfol\u00f3gicas \u2013 que se referem \u00e0 forma e \u00e0 estrutura \u2013 no c\u00e9rebro de pessoas com quadros moderados de covid-19. O resultado deve ajudar em tratamentos mais efetivos de pacientes de covid-19 que apresentam sintomas neurol\u00f3gicos, como anosmia, confus\u00e3o mental, convuls\u00f5es e zumbido no ouvido.<\/p>\n<p><em>\u201cO que identificamos agora \u00e9 que o v\u00edrus \u00e9 sim capaz de chegar no sistema nervoso central, no c\u00e9rebro. N\u00e3o s\u00f3 detectamos o v\u00edrus no c\u00e9rebro de pessoas que morreram com a covid-19 &#8211; coletamos os c\u00e9rebros delas post mortem -, mas n\u00f3s fizemos tamb\u00e9m an\u00e1lises de imagem, escaneamos os c\u00e9rebros de pacientes com covid-19 moderada e altera\u00e7\u00f5es significativas foram observadas\u201d, disse o professor de bioqu\u00edmica da Unicamp, Daniel Martins-de-Souza, coordenador da pesquisa. <\/em><\/p>\n<p>O estudo foi divulgado essa semana, em plataforma preprint, ainda sem revis\u00e3o por pares.<\/p>\n<p>Ele ressalta que at\u00e9 o momento n\u00e3o existem evid\u00eancias disso na literatura, apesar de alguns pacientes apresentarem sintomas neurol\u00f3gicos. \u201cEsse \u00e9 um estudo feito com centenas de pacientes moderados, n\u00e3o s\u00e3o nem pacientes graves, e que demonstra que as altera\u00e7\u00f5es morfol\u00f3gicas est\u00e3o correlacionadas com a covid-19\u201d, disse. Segundo ele, as consequ\u00eancias nos pacientes ainda est\u00e3o sendo observadas porque a covid-19 \u00e9 uma doen\u00e7a nova. \u201cN\u00e3o deu tempo de vermos o que vai acontecer no longo prazo, mas fato \u00e9 que pessoas j\u00e1 curadas ainda tem queixas de sintomas neurol\u00f3gicos mesmo depois de o v\u00edrus j\u00e1 ter sa\u00eddo do corpo\u201d.<\/p>\n<p>Os pesquisadores j\u00e1 haviam comprovado em testes in vitro que o novo coronav\u00edrus era capaz de infectar os neur\u00f4nios. No entanto, em testes em humanos, eles identificaram a presen\u00e7a do v\u00edrus em uma outra c\u00e9lula do c\u00e9rebro, chamada astr\u00f3cito.<\/p>\n<p><em>\u201cVimos que o v\u00edrus est\u00e1 no c\u00e9rebro de algumas das pessoas que morreram de covid-19, n\u00e3o tanto nos neur\u00f4nios, mas em uma outra c\u00e9lula que chama astr\u00f3cito. Esta \u00e9 uma c\u00e9lula que auxilia os neur\u00f4nios a se comunicarem. No laborat\u00f3rio, fizemos um experimento mostrando que os astr\u00f3citos infectados podem produzir subst\u00e2ncias que matam neur\u00f4nios e essa pode ser a causa de a gente ver aquelas altera\u00e7\u00f5es nas imagens do c\u00e9rebro [de pessoas vivas infectadas]\u201d, explicou.<\/em><\/p>\n<p><strong><em>\u00a0<\/em><\/strong><strong><em>Tratamento<\/em><\/strong><\/p>\n<p>O pesquisador afirma que essas informa\u00e7\u00f5es s\u00e3o a primeira pista para que se tenha tratamentos mais efetivos especialmente para aqueles pacientes que tiveram acometimentos neurol\u00f3gicos. \u201cNem todos v\u00e3o ter [sintomas neurol\u00f3gicos], uma m\u00e9dia de 30% a 35% s\u00e3o os que t\u00eam esses sintomas. Para esses, \u00e9 bom saber que os sintomas podem sim ser derivados de infec\u00e7\u00e3o no c\u00e9rebro\u201d.<\/p>\n<p>Martins-de-Souza explicou que o que se acreditava at\u00e9 agora \u00e9 que os sintomas neurol\u00f3gicos eram causados apenas por uma infec\u00e7\u00e3o sist\u00eamica. \u201cPensava-se at\u00e9 aqui que os sintomas neurol\u00f3gicos seriam uma consequ\u00eancia de inflama\u00e7\u00e3o em outros lugares \u2013 como o pulm\u00e3o \u2013 e que afetava secundariamente o c\u00e9rebro. Mas aqui vemos que isso [sintomas neurol\u00f3gicos] pode acontecer tamb\u00e9m porque o v\u00edrus chega sim ao c\u00e9rebro\u201d, disse.<\/p>\n<p>Al\u00e9m desses resultados, os pesquisadores v\u00e3o continuar as investiga\u00e7\u00f5es para entender melhor o papel dos v\u00edrus dentro dos astr\u00f3citos, as consequ\u00eancias disso no longo prazo, al\u00e9m de uma quest\u00e3o que Martins-de-Souza considera essencial: como \u00e9 que o v\u00edrus chega no c\u00e9rebro.<\/p>\n<p>Fonte: Ag\u00eancia Brasil<\/p>\n","protected":false},"excerpt":{"rendered":"<p>A pesquisa detectou ainda altera\u00e7\u00f5es morfol\u00f3gicas causadas pelo v\u00edrus Pesquisadores da Universidade Estadual de Campinas (Unicamp) encontraram o novo coronav\u00edrus em c\u00e9rebros de pacientes mortos&#8230;<\/p>\n","protected":false},"author":1182,"featured_media":30452,"comment_status":"closed","ping_status":"closed","sticky":false,"template":"","format":"standard","meta":{"footnotes":""},"categories":[6],"tags":[3965,1426,3956,2752,2751,3967,1756,3966,3770,1264,2882,3958],"class_list":["post-32112","post","type-post","status-publish","format-standard","has-post-thumbnail","hentry","category-noticias","tag-cerebro","tag-ciencia","tag-comprovacao","tag-coronavirus","tag-covid-19","tag-evidencia","tag-morte","tag-neurologico","tag-paciente","tag-prejuizo","tag-psquisa","tag-unicamp"],"_links":{"self":[{"href":"https:\/\/www.sincomam.org.br\/index.php\/wp-json\/wp\/v2\/posts\/32112","targetHints":{"allow":["GET"]}}],"collection":[{"href":"https:\/\/www.sincomam.org.br\/index.php\/wp-json\/wp\/v2\/posts"}],"about":[{"href":"https:\/\/www.sincomam.org.br\/index.php\/wp-json\/wp\/v2\/types\/post"}],"author":[{"embeddable":true,"href":"https:\/\/www.sincomam.org.br\/index.php\/wp-json\/wp\/v2\/users\/1182"}],"replies":[{"embeddable":true,"href":"https:\/\/www.sincomam.org.br\/index.php\/wp-json\/wp\/v2\/comments?post=32112"}],"version-history":[{"count":1,"href":"https:\/\/www.sincomam.org.br\/index.php\/wp-json\/wp\/v2\/posts\/32112\/revisions"}],"predecessor-version":[{"id":32114,"href":"https:\/\/www.sincomam.org.br\/index.php\/wp-json\/wp\/v2\/posts\/32112\/revisions\/32114"}],"wp:featuredmedia":[{"embeddable":true,"href":"https:\/\/www.sincomam.org.br\/index.php\/wp-json\/wp\/v2\/media\/30452"}],"wp:attachment":[{"href":"https:\/\/www.sincomam.org.br\/index.php\/wp-json\/wp\/v2\/media?parent=32112"}],"wp:term":[{"taxonomy":"category","embeddable":true,"href":"https:\/\/www.sincomam.org.br\/index.php\/wp-json\/wp\/v2\/categories?post=32112"},{"taxonomy":"post_tag","embeddable":true,"href":"https:\/\/www.sincomam.org.br\/index.php\/wp-json\/wp\/v2\/tags?post=32112"}],"curies":[{"name":"wp","href":"https:\/\/api.w.org\/{rel}","templated":true}]}}