{"id":32103,"date":"2020-10-16T12:34:57","date_gmt":"2020-10-16T15:34:57","guid":{"rendered":"http:\/\/www.sincomam.org.br\/?p=32103"},"modified":"2020-10-16T12:34:57","modified_gmt":"2020-10-16T15:34:57","slug":"petrobras-cancela-licitacao-de-plataforma-para-o-parque-das-baleias","status":"publish","type":"post","link":"https:\/\/www.sincomam.org.br\/index.php\/petrobras-cancela-licitacao-de-plataforma-para-o-parque-das-baleias\/","title":{"rendered":"Petrobras cancela licita\u00e7\u00e3o de plataforma para o Parque das Baleias"},"content":{"rendered":"<p>A Petrobras informou, em comunicado, sobre o cancelamento da licita\u00e7\u00e3o de plataforma para o Parque das Baleias, na Bacia de Campos, devido ao contexto econ\u00f4mico do cen\u00e1rio da Covid-19.<\/p>\n<p>A estatal decidiu postergar em cerca de um ano o Projeto Integrado do Parque das Baleias, ficando o in\u00edcio de opera\u00e7\u00e3o e primeiro \u00f3leo para 2024. A petrol\u00edfera disse ainda, no comunicado, que preservar\u00e1 o escopo do projeto que prev\u00ea o remanejamento de po\u00e7os entre plataformas em opera\u00e7\u00e3o no ano de 2022.<\/p>\n<p>Com a posterga\u00e7\u00e3o, a Petrobras cancelou a licita\u00e7\u00e3o de afretamento de plataforma para atender o projeto e autorizou o in\u00edcio de um novo processo licitat\u00f3rio.<\/p>\n<p>*Com informa\u00e7\u00f5es da Ag\u00eancia Petrobras<\/p>\n","protected":false},"excerpt":{"rendered":"<p>A Petrobras informou, em comunicado, sobre o cancelamento da licita\u00e7\u00e3o de plataforma para o Parque das Baleias, na Bacia de Campos, devido ao contexto econ\u00f4mico&#8230;<\/p>\n","protected":false},"author":1182,"featured_media":5536,"comment_status":"closed","ping_status":"closed","sticky":false,"template":"","format":"standard","meta":{"footnotes":""},"categories":[6],"tags":[361,1400,588,377,806,58,186,76,367],"class_list":["post-32103","post","type-post","status-publish","format-standard","has-post-thumbnail","hentry","category-noticias","tag-bacia-de-campos","tag-cancelamento","tag-licitacao","tag-operacao","tag-parque-das-baleias","tag-petrobras","tag-plataforma","tag-producao","tag-projeto"],"_links":{"self":[{"href":"https:\/\/www.sincomam.org.br\/index.php\/wp-json\/wp\/v2\/posts\/32103","targetHints":{"allow":["GET"]}}],"collection":[{"href":"https:\/\/www.sincomam.org.br\/index.php\/wp-json\/wp\/v2\/posts"}],"about":[{"href":"https:\/\/www.sincomam.org.br\/index.php\/wp-json\/wp\/v2\/types\/post"}],"author":[{"embeddable":true,"href":"https:\/\/www.sincomam.org.br\/index.php\/wp-json\/wp\/v2\/users\/1182"}],"replies":[{"embeddable":true,"href":"https:\/\/www.sincomam.org.br\/index.php\/wp-json\/wp\/v2\/comments?post=32103"}],"version-history":[{"count":1,"href":"https:\/\/www.sincomam.org.br\/index.php\/wp-json\/wp\/v2\/posts\/32103\/revisions"}],"predecessor-version":[{"id":32104,"href":"https:\/\/www.sincomam.org.br\/index.php\/wp-json\/wp\/v2\/posts\/32103\/revisions\/32104"}],"wp:featuredmedia":[{"embeddable":true,"href":"https:\/\/www.sincomam.org.br\/index.php\/wp-json\/wp\/v2\/media\/5536"}],"wp:attachment":[{"href":"https:\/\/www.sincomam.org.br\/index.php\/wp-json\/wp\/v2\/media?parent=32103"}],"wp:term":[{"taxonomy":"category","embeddable":true,"href":"https:\/\/www.sincomam.org.br\/index.php\/wp-json\/wp\/v2\/categories?post=32103"},{"taxonomy":"post_tag","embeddable":true,"href":"https:\/\/www.sincomam.org.br\/index.php\/wp-json\/wp\/v2\/tags?post=32103"}],"curies":[{"name":"wp","href":"https:\/\/api.w.org\/{rel}","templated":true}]}}