{"id":32100,"date":"2020-10-16T12:09:58","date_gmt":"2020-10-16T15:09:58","guid":{"rendered":"http:\/\/www.sincomam.org.br\/?p=32100"},"modified":"2020-10-16T12:09:58","modified_gmt":"2020-10-16T15:09:58","slug":"porto-de-paranagua-e-referencia-em-exportacao-de-onibus","status":"publish","type":"post","link":"https:\/\/www.sincomam.org.br\/index.php\/porto-de-paranagua-e-referencia-em-exportacao-de-onibus\/","title":{"rendered":"Porto de Paranagu\u00e1 \u00e9 refer\u00eancia em exporta\u00e7\u00e3o de \u00f4nibus"},"content":{"rendered":"<p><strong><em>Porto paranaense reafirma sua posi\u00e7\u00e3o como principal porta de sa\u00edda dos ve\u00edculos produzidos no Brasil<\/em><\/strong><\/p>\n<p>O Porto de Paranagu\u00e1 embarcou nesta quinta-feira (15) um lote de 110 \u00f4nibus com destino ao Porto de Boma, na Rep\u00fablica Democr\u00e1tica do Congo, na \u00c1frica. Os ve\u00edculos fazem parte de uma remessa de 440 coletivos que ser\u00e3o exportados para o continente.<\/p>\n<p>Segundo o diretor de Opera\u00e7\u00f5es Portu\u00e1rias, Luiz Teixeira da Silva J\u00fanior, a escolha por Paranagu\u00e1 considera a localiza\u00e7\u00e3o estrat\u00e9gica, efici\u00eancia de embarque e m\u00e3o de obra qualificada. \u201cOs portos do Paran\u00e1 t\u00eam linhas regulares, otimizando os custos de transporte. Al\u00e9m disso, o servi\u00e7o prestado pelos trabalhadores avulsos \u00e9 reconhecido pela alta qualidade e baixo \u00edndice de avaria, fator importante no manuseio de equipamentos com alto valor agregado\u201d, disse o diretor, em nota.<\/p>\n<p>A empresa p\u00fablica Portos do Paran\u00e1 informou que, os ve\u00edculos foram encarro\u00e7ados pela Marcopolo, de Caxias do Sul (RS), sobre chassis bases da Volvo, que s\u00e3o fabricados em Curitiba. \u201cEsta \u00e9 a segunda remessa de \u00f4nibus para o continente africano este ano. Em julho foram 130 \u00f4nibus para Angola, tamb\u00e9m via Paranagu\u00e1 com opera\u00e7\u00e3o conjunta da Marcon e Wasa\u201d, completou.<\/p>\n<p>Foto: Claudio Neves\/Portos do Paran\u00e1<\/p>\n","protected":false},"excerpt":{"rendered":"<p>Porto paranaense reafirma sua posi\u00e7\u00e3o como principal porta de sa\u00edda dos ve\u00edculos produzidos no Brasil O Porto de Paranagu\u00e1 embarcou nesta quinta-feira (15) um lote&#8230;<\/p>\n","protected":false},"author":1182,"featured_media":32101,"comment_status":"closed","ping_status":"closed","sticky":false,"template":"","format":"standard","meta":{"footnotes":""},"categories":[6],"tags":[1438,61,3963,509,151,3962,47,525,109,187,69,76,402],"class_list":["post-32100","post","type-post","status-publish","format-standard","has-post-thumbnail","hentry","category-noticias","tag-africa","tag-brasil","tag-caxias-do-sul","tag-embarque","tag-exportacao","tag-marcopolo","tag-navio","tag-onibus","tag-parana","tag-paranagua","tag-portos","tag-producao","tag-transporte-maritimo"],"_links":{"self":[{"href":"https:\/\/www.sincomam.org.br\/index.php\/wp-json\/wp\/v2\/posts\/32100","targetHints":{"allow":["GET"]}}],"collection":[{"href":"https:\/\/www.sincomam.org.br\/index.php\/wp-json\/wp\/v2\/posts"}],"about":[{"href":"https:\/\/www.sincomam.org.br\/index.php\/wp-json\/wp\/v2\/types\/post"}],"author":[{"embeddable":true,"href":"https:\/\/www.sincomam.org.br\/index.php\/wp-json\/wp\/v2\/users\/1182"}],"replies":[{"embeddable":true,"href":"https:\/\/www.sincomam.org.br\/index.php\/wp-json\/wp\/v2\/comments?post=32100"}],"version-history":[{"count":1,"href":"https:\/\/www.sincomam.org.br\/index.php\/wp-json\/wp\/v2\/posts\/32100\/revisions"}],"predecessor-version":[{"id":32102,"href":"https:\/\/www.sincomam.org.br\/index.php\/wp-json\/wp\/v2\/posts\/32100\/revisions\/32102"}],"wp:featuredmedia":[{"embeddable":true,"href":"https:\/\/www.sincomam.org.br\/index.php\/wp-json\/wp\/v2\/media\/32101"}],"wp:attachment":[{"href":"https:\/\/www.sincomam.org.br\/index.php\/wp-json\/wp\/v2\/media?parent=32100"}],"wp:term":[{"taxonomy":"category","embeddable":true,"href":"https:\/\/www.sincomam.org.br\/index.php\/wp-json\/wp\/v2\/categories?post=32100"},{"taxonomy":"post_tag","embeddable":true,"href":"https:\/\/www.sincomam.org.br\/index.php\/wp-json\/wp\/v2\/tags?post=32100"}],"curies":[{"name":"wp","href":"https:\/\/api.w.org\/{rel}","templated":true}]}}