{"id":32096,"date":"2020-10-16T11:40:40","date_gmt":"2020-10-16T14:40:40","guid":{"rendered":"http:\/\/www.sincomam.org.br\/?p=32096"},"modified":"2020-10-16T11:40:40","modified_gmt":"2020-10-16T14:40:40","slug":"desemprego-atinge-14-milhoes-de-pessoas-na-quarta-semana-de-setembro","status":"publish","type":"post","link":"https:\/\/www.sincomam.org.br\/index.php\/desemprego-atinge-14-milhoes-de-pessoas-na-quarta-semana-de-setembro\/","title":{"rendered":"Desemprego atinge 14 milh\u00f5es de pessoas na quarta semana de setembro"},"content":{"rendered":"<p><strong><em>Pedidos de seguro-desemprego caem 10,6% em setembro<\/em><\/strong><\/p>\n<p>O n\u00famero de desempregados chegou a 14 milh\u00f5es de pessoas na quarta semana de setembro, ficando estatisticamente est\u00e1vel em rela\u00e7\u00e3o \u00e0 semana anterior (13,3 milh\u00f5es). Com isso, a taxa de desocupa\u00e7\u00e3o (14,4%) ficou est\u00e1vel em rela\u00e7\u00e3o \u00e0 semana anterior (13,7%) e cresceu frente \u00e0 primeira semana de maio (10,5%), quando o levantamento foi iniciado.<\/p>\n<p>Os dados constam da Pesquisa Nacional por Amostra de Domic\u00edlios (Pnad) Covid-19, divulgada hoje (16) pelo Instituto Brasileiro de Geografia e Estat\u00edstica (IBGE). Esta \u00e9 a \u00faltima divulga\u00e7\u00e3o da Pnad Covid-19 semanal. A coleta de dados por telefone continuar\u00e1 para subsidiar as edi\u00e7\u00f5es mensais da pesquisa, que devem continuar at\u00e9 o fim do ano.<\/p>\n<p><em>\u201cEmbora as informa\u00e7\u00f5es sobre a desocupa\u00e7\u00e3o tenham ficado est\u00e1veis na compara\u00e7\u00e3o semanal, elas sugerem que mais pessoas estejam pressionando o mercado em busca de trabalho, em meio \u00e0 flexibiliza\u00e7\u00e3o das medidas de distanciamento social e \u00e0 retomada das atividades econ\u00f4micas\u201d, disse, em nota, a coordenadora da pesquisa, Maria Lucia Vieira.<\/em><\/p>\n<p>A popula\u00e7\u00e3o ocupada ficou em 83 milh\u00f5es, estatisticamente est\u00e1vel na compara\u00e7\u00e3o com a terceira semana de setembro<em>.<\/em><\/p>\n<p><strong>Seguro-Desemprego<\/strong><\/p>\n<p>Os pedidos de seguro-desemprego de trabalhadores com carteira assinada continuam a cair no segundo semestre. Em setembro, o total de pedidos recuou 10,6% em rela\u00e7\u00e3o ao mesmo m\u00eas do ano passado. Desde o in\u00edcio de junho, o indicador est\u00e1 em queda. Em setembro, 466.255 benef\u00edcios de seguro-desemprego foram requeridos, contra 521.572 pedidos registrados no mesmo m\u00eas de 2019. Ao todo, 61,8% dos benef\u00edcios foram pedidos pela internet no m\u00eas passado, contra apenas 2,9% em setembro de 2019.<\/p>\n<p>O levantamento foi divulgado pela Secretaria de Trabalho do Minist\u00e9rio da Economia, e considera os atendimentos presenciais \u2013 nas unidades do Sistema Nacional de Emprego (Sine) e das Superintend\u00eancias Regionais do Trabalho \u2013 e os requerimentos virtuais.<\/p>\n<p><strong>Flexibiliza\u00e7\u00e3o do distanciamento<\/strong><\/p>\n<p>O grupo de pessoas que ficou rigorosamente isolado (31,6 milh\u00f5es) diminuiu em 2,2 milh\u00f5es, na compara\u00e7\u00e3o com a semana anterior. Tamb\u00e9m aumentou o n\u00famero pessoas que n\u00e3o tomaram qualquer medida de restri\u00e7\u00e3o para evitar o cont\u00e1gio pelo novo coronav\u00edrus. Esse contingente cresceu 937 mil em uma semana, chegando a 7,4 milh\u00f5es.<\/p>\n<p>Segundo o IBGE, a maior parte da popula\u00e7\u00e3o (86,7 milh\u00f5es) afirmou ter reduzido o contato com outras pessoas, mas continuou saindo de casa ou recebendo visitas na quarta semana de setembro, 1 milh\u00e3o a mais na compara\u00e7\u00e3o com a semana anterior. Quem ficou em casa e s\u00f3 saiu em caso de necessidade somou 84,6 milh\u00f5es, ficando praticamente est\u00e1vel em rela\u00e7\u00e3o \u00e0 semana anterior.<\/p>\n<p><strong>Estudantes<\/strong><\/p>\n<p>A pesquisa ainda mostrou que, na quarta semana de setembro, dos 46,1 milh\u00f5es de estudantes que estavam matriculados em escolas e universidades, 39,2 milh\u00f5es (85%) tiveram alguma atividade. Outros 6,4 milh\u00f5es (13,9%) n\u00e3o tiveram atividade. O restante estava de f\u00e9rias (1,1%).<\/p>\n<p>Fonte: Ag\u00eancia Brasil \/IBGE<\/p>\n","protected":false},"excerpt":{"rendered":"<p>Pedidos de seguro-desemprego caem 10,6% em setembro O n\u00famero de desempregados chegou a 14 milh\u00f5es de pessoas na quarta semana de setembro, ficando estatisticamente est\u00e1vel&#8230;<\/p>\n","protected":false},"author":1182,"featured_media":31649,"comment_status":"closed","ping_status":"closed","sticky":false,"template":"","format":"standard","meta":{"footnotes":""},"categories":[6],"tags":[61,833,1848,2976,449,3162],"class_list":["post-32096","post","type-post","status-publish","format-standard","has-post-thumbnail","hentry","category-noticias","tag-brasil","tag-desemprego","tag-ibge","tag-pedido","tag-seguro-desemprego","tag-setembro"],"_links":{"self":[{"href":"https:\/\/www.sincomam.org.br\/index.php\/wp-json\/wp\/v2\/posts\/32096","targetHints":{"allow":["GET"]}}],"collection":[{"href":"https:\/\/www.sincomam.org.br\/index.php\/wp-json\/wp\/v2\/posts"}],"about":[{"href":"https:\/\/www.sincomam.org.br\/index.php\/wp-json\/wp\/v2\/types\/post"}],"author":[{"embeddable":true,"href":"https:\/\/www.sincomam.org.br\/index.php\/wp-json\/wp\/v2\/users\/1182"}],"replies":[{"embeddable":true,"href":"https:\/\/www.sincomam.org.br\/index.php\/wp-json\/wp\/v2\/comments?post=32096"}],"version-history":[{"count":1,"href":"https:\/\/www.sincomam.org.br\/index.php\/wp-json\/wp\/v2\/posts\/32096\/revisions"}],"predecessor-version":[{"id":32097,"href":"https:\/\/www.sincomam.org.br\/index.php\/wp-json\/wp\/v2\/posts\/32096\/revisions\/32097"}],"wp:featuredmedia":[{"embeddable":true,"href":"https:\/\/www.sincomam.org.br\/index.php\/wp-json\/wp\/v2\/media\/31649"}],"wp:attachment":[{"href":"https:\/\/www.sincomam.org.br\/index.php\/wp-json\/wp\/v2\/media?parent=32096"}],"wp:term":[{"taxonomy":"category","embeddable":true,"href":"https:\/\/www.sincomam.org.br\/index.php\/wp-json\/wp\/v2\/categories?post=32096"},{"taxonomy":"post_tag","embeddable":true,"href":"https:\/\/www.sincomam.org.br\/index.php\/wp-json\/wp\/v2\/tags?post=32096"}],"curies":[{"name":"wp","href":"https:\/\/api.w.org\/{rel}","templated":true}]}}