{"id":32089,"date":"2020-10-15T12:29:53","date_gmt":"2020-10-15T15:29:53","guid":{"rendered":"http:\/\/www.sincomam.org.br\/?p=32089"},"modified":"2020-10-15T12:29:53","modified_gmt":"2020-10-15T15:29:53","slug":"maersk-demitira-dois-mil-empregados-e-eleva-perspectiva-de-melhoria-da-demanda","status":"publish","type":"post","link":"https:\/\/www.sincomam.org.br\/index.php\/maersk-demitira-dois-mil-empregados-e-eleva-perspectiva-de-melhoria-da-demanda\/","title":{"rendered":"Maersk demitir\u00e1 dois mil empregados e eleva perspectiva de melhoria da demanda"},"content":{"rendered":"<p><strong><em>Companhia tem atualmente cerca de 80 mil funcion\u00e1rios<\/em><\/strong><\/p>\n<p>A maior empresa de transporte mar\u00edtimo de cont\u00eaineres do mundo, a Maersk, disse nesta ter\u00e7a-feira (13) que a demanda est\u00e1 se recuperando mais r\u00e1pido do que o esperado e elevou sua perspectiva de lucros. Ao mesmo tempo anunciou plano de corte de dois mil empregos.<\/p>\n<p>A empresa, que lida com cerca de um em cada cinco cont\u00eaineres transportados em todo o mundo, disse que, embora os volumes de carga ainda tenham ca\u00eddo no ano passado, eles aumentaram mais do que o previsto depois de cair drasticamente no auge da pandemia do coronav\u00edrus h\u00e1 alguns meses.<\/p>\n<p><em>\u201cA AP Moller &#8211; Maersk est\u00e1 a caminho de entregar um forte terceiro trimestre com s\u00f3lido crescimento de lucros em todos os nossos neg\u00f3cios, em particular em Ocean and Logistics &amp; Services\u201d, disse o presidente-executivo Soren Skou em um comunicado. \u201cOs volumes se recuperaram mais r\u00e1pido do que o esperado, nossos custos permaneceram bem sob controle, as taxas de frete aumentaram devido \u00e0 forte demanda\u201d, disse Skou.<\/em><\/p>\n<p>Os volumes na divis\u00e3o Ocean da Maersk ca\u00edram cerca de 3% no terceiro trimestre em compara\u00e7\u00e3o com o mesmo per\u00edodo do ano passado, acima de uma contra\u00e7\u00e3o esperada de um d\u00edgito, disse a empresa.<\/p>\n<p>A empresa dinamarquesa disse que cortaria dois mil empregos como resultado de uma grande reorganiza\u00e7\u00e3o anunciada no m\u00eas passado, onde pretende integrar seus neg\u00f3cios de cont\u00eaineres mar\u00edtimos e de log\u00edstica terrestre.<\/p>\n<p>Fonte: Portos e Navios<\/p>\n","protected":false},"excerpt":{"rendered":"<p>Companhia tem atualmente cerca de 80 mil funcion\u00e1rios A maior empresa de transporte mar\u00edtimo de cont\u00eaineres do mundo, a Maersk, disse nesta ter\u00e7a-feira (13) que&#8230;<\/p>\n","protected":false},"author":1182,"featured_media":3600,"comment_status":"closed","ping_status":"closed","sticky":false,"template":"","format":"standard","meta":{"footnotes":""},"categories":[6],"tags":[2752,1109,1502,2791,437,2755],"class_list":["post-32089","post","type-post","status-publish","format-standard","has-post-thumbnail","hentry","category-noticias","tag-coronavirus","tag-demanda","tag-demissao","tag-empregados","tag-maersk","tag-pandemia"],"_links":{"self":[{"href":"https:\/\/www.sincomam.org.br\/index.php\/wp-json\/wp\/v2\/posts\/32089","targetHints":{"allow":["GET"]}}],"collection":[{"href":"https:\/\/www.sincomam.org.br\/index.php\/wp-json\/wp\/v2\/posts"}],"about":[{"href":"https:\/\/www.sincomam.org.br\/index.php\/wp-json\/wp\/v2\/types\/post"}],"author":[{"embeddable":true,"href":"https:\/\/www.sincomam.org.br\/index.php\/wp-json\/wp\/v2\/users\/1182"}],"replies":[{"embeddable":true,"href":"https:\/\/www.sincomam.org.br\/index.php\/wp-json\/wp\/v2\/comments?post=32089"}],"version-history":[{"count":1,"href":"https:\/\/www.sincomam.org.br\/index.php\/wp-json\/wp\/v2\/posts\/32089\/revisions"}],"predecessor-version":[{"id":32090,"href":"https:\/\/www.sincomam.org.br\/index.php\/wp-json\/wp\/v2\/posts\/32089\/revisions\/32090"}],"wp:featuredmedia":[{"embeddable":true,"href":"https:\/\/www.sincomam.org.br\/index.php\/wp-json\/wp\/v2\/media\/3600"}],"wp:attachment":[{"href":"https:\/\/www.sincomam.org.br\/index.php\/wp-json\/wp\/v2\/media?parent=32089"}],"wp:term":[{"taxonomy":"category","embeddable":true,"href":"https:\/\/www.sincomam.org.br\/index.php\/wp-json\/wp\/v2\/categories?post=32089"},{"taxonomy":"post_tag","embeddable":true,"href":"https:\/\/www.sincomam.org.br\/index.php\/wp-json\/wp\/v2\/tags?post=32089"}],"curies":[{"name":"wp","href":"https:\/\/api.w.org\/{rel}","templated":true}]}}