{"id":32087,"date":"2020-10-15T12:24:29","date_gmt":"2020-10-15T15:24:29","guid":{"rendered":"http:\/\/www.sincomam.org.br\/?p=32087"},"modified":"2020-10-15T12:24:29","modified_gmt":"2020-10-15T15:24:29","slug":"rio-de-janeiro-registra-exportacao-maior-para-china-franca-e-uruguai","status":"publish","type":"post","link":"https:\/\/www.sincomam.org.br\/index.php\/rio-de-janeiro-registra-exportacao-maior-para-china-franca-e-uruguai\/","title":{"rendered":"Rio de Janeiro registra exporta\u00e7\u00e3o maior para China, Fran\u00e7a e Uruguai"},"content":{"rendered":"<p><strong><em>Estudo elaborado pela Firjan apresenta aumento na exporta\u00e7\u00e3o brasileira<\/em><\/strong><\/p>\n<p>O Rio Exporta, boletim de com\u00e9rcio exterior do estado do Rio de Janeiro, elaborado pela Firjan, registrou aumento de 45% nas exporta\u00e7\u00f5es para China, excluindo \u00f3leos brutos e petr\u00f3leo, no acumulado do ano, de janeiro a agosto. De acordo com a \u00faltima edi\u00e7\u00e3o do boletim, os embarques tamb\u00e9m avan\u00e7aram para o Uruguai (+49,2%) e para a Fran\u00e7a (+1%), considerando o com\u00e9rcio exclusive petr\u00f3leo.<\/p>\n<p><em>\u201cA retomada da produ\u00e7\u00e3o na China tem ajudado com uma certa volta \u00e0 normaliza\u00e7\u00e3o dos embarques de produtos para aquele pa\u00eds, excetuando o petr\u00f3leo\u201d, explica Giorgio Rossi, coordenador da Firjan Internacional.<\/em><\/p>\n<p>Com fluxo internacional de US$ 39,4 bilh\u00f5es, o Rio de Janeiro manteve a posi\u00e7\u00e3o de segundo player do pa\u00eds, se comparado com todos os estados brasileiros, perdendo apenas para S\u00e3o Paulo.<\/p>\n<p>De janeiro a agosto, o estado do Rio teve um aumento de 23% na corrente de com\u00e9rcio (soma da importa\u00e7\u00e3o com a exporta\u00e7\u00e3o), em rela\u00e7\u00e3o ao mesmo per\u00edodo do ano passado. Cresceu principalmente pelo maior volume de importa\u00e7\u00f5es, US$ 23,8 bilh\u00f5es, diante dos US$ 15,6 bilh\u00f5es em exporta\u00e7\u00f5es. Esse resultado representou participa\u00e7\u00e3o de 16% do Rio no com\u00e9rcio exterior do pa\u00eds. J\u00e1 o saldo comercial ficou negativo em US$ 8,2 bilh\u00f5es.<\/p>\n<p>O boletim mostra ainda que houve queda das exporta\u00e7\u00f5es fluminenses de 17%, principalmente devido \u00e0 redu\u00e7\u00e3o de 7% nas sa\u00eddas de produtos b\u00e1sicos e de 42% nas de manufaturados.<\/p>\n<p>Fonte: Firjan<\/p>\n","protected":false},"excerpt":{"rendered":"<p>Estudo elaborado pela Firjan apresenta aumento na exporta\u00e7\u00e3o brasileira O Rio Exporta, boletim de com\u00e9rcio exterior do estado do Rio de Janeiro, elaborado pela Firjan,&#8230;<\/p>\n","protected":false},"author":1182,"featured_media":18972,"comment_status":"closed","ping_status":"closed","sticky":false,"template":"","format":"standard","meta":{"footnotes":""},"categories":[6],"tags":[3451,151,1108,59,3960],"class_list":["post-32087","post","type-post","status-publish","format-standard","has-post-thumbnail","hentry","category-noticias","tag-boletim","tag-exportacao","tag-firjan","tag-rio-de-janeiro","tag-rio-exporta"],"_links":{"self":[{"href":"https:\/\/www.sincomam.org.br\/index.php\/wp-json\/wp\/v2\/posts\/32087","targetHints":{"allow":["GET"]}}],"collection":[{"href":"https:\/\/www.sincomam.org.br\/index.php\/wp-json\/wp\/v2\/posts"}],"about":[{"href":"https:\/\/www.sincomam.org.br\/index.php\/wp-json\/wp\/v2\/types\/post"}],"author":[{"embeddable":true,"href":"https:\/\/www.sincomam.org.br\/index.php\/wp-json\/wp\/v2\/users\/1182"}],"replies":[{"embeddable":true,"href":"https:\/\/www.sincomam.org.br\/index.php\/wp-json\/wp\/v2\/comments?post=32087"}],"version-history":[{"count":1,"href":"https:\/\/www.sincomam.org.br\/index.php\/wp-json\/wp\/v2\/posts\/32087\/revisions"}],"predecessor-version":[{"id":32088,"href":"https:\/\/www.sincomam.org.br\/index.php\/wp-json\/wp\/v2\/posts\/32087\/revisions\/32088"}],"wp:featuredmedia":[{"embeddable":true,"href":"https:\/\/www.sincomam.org.br\/index.php\/wp-json\/wp\/v2\/media\/18972"}],"wp:attachment":[{"href":"https:\/\/www.sincomam.org.br\/index.php\/wp-json\/wp\/v2\/media?parent=32087"}],"wp:term":[{"taxonomy":"category","embeddable":true,"href":"https:\/\/www.sincomam.org.br\/index.php\/wp-json\/wp\/v2\/categories?post=32087"},{"taxonomy":"post_tag","embeddable":true,"href":"https:\/\/www.sincomam.org.br\/index.php\/wp-json\/wp\/v2\/tags?post=32087"}],"curies":[{"name":"wp","href":"https:\/\/api.w.org\/{rel}","templated":true}]}}