{"id":32082,"date":"2020-10-15T11:08:58","date_gmt":"2020-10-15T14:08:58","guid":{"rendered":"http:\/\/www.sincomam.org.br\/?p=32082"},"modified":"2020-10-15T11:08:58","modified_gmt":"2020-10-15T14:08:58","slug":"inss-prorroga-interrupcao-de-bloqueio-de-beneficios","status":"publish","type":"post","link":"https:\/\/www.sincomam.org.br\/index.php\/inss-prorroga-interrupcao-de-bloqueio-de-beneficios\/","title":{"rendered":"INSS prorroga interrup\u00e7\u00e3o de bloqueio de benef\u00edcios"},"content":{"rendered":"<p><strong><em>Medida saiu no Di\u00e1rio Oficial desta quinta-feira (15)<\/em><\/strong><\/p>\n<p>Uma portaria publicada pelo Instituto Nacional do Seguro Social (INSS) no Di\u00e1rio Oficial da Uni\u00e3o de hoje (15) prorroga a interrup\u00e7\u00e3o do bloqueio, por falta de comprova\u00e7\u00e3o de vida de seus benefici\u00e1rios, dos cr\u00e9ditos de benef\u00edcios que t\u00eam como destino pessoas residentes no Brasil ou no exterior.<\/p>\n<p>Segundo a portaria n\u00ba 1.053, de 13 de outubro, a prorroga\u00e7\u00e3o da interrup\u00e7\u00e3o desses bloqueios vale, a princ\u00edpio, por mais uma compet\u00eancia (outubro de 2020). Assim sendo, s\u00f3 a partir de novembro que o benefici\u00e1rio correr\u00e1 risco de perder o benef\u00edcio, caso a medida n\u00e3o seja novamente prorrogada ou caso ele n\u00e3o fa\u00e7a a comprova\u00e7\u00e3o de vida.<\/p>\n<p>O INSS esclarece que essa interrup\u00e7\u00e3o n\u00e3o prejudicar\u00e1 a rotina e as obriga\u00e7\u00f5es contratuais estabelecidas entre o instituto e a rede banc\u00e1ria pagadora de benef\u00edcios. Com isso, a comprova\u00e7\u00e3o de vida junto \u00e0 rede banc\u00e1ria deve ser feita normalmente.<\/p>\n<p>Ainda segundo a portaria, o encaminhamento das comprova\u00e7\u00f5es de vida realizadas pelos residentes no exterior deve ser feito junto a representa\u00e7\u00f5es diplom\u00e1ticas ou consulares brasileiras no exterior ou por interm\u00e9dio do preenchimento do Formul\u00e1rio Espec\u00edfico de Atestado de Vida para comprova\u00e7\u00e3o perante o INSS.<\/p>\n<p>Esse formul\u00e1rio precisa ser assinado na presen\u00e7a de um \u201cnot\u00e1rio p\u00fablico local e devidamente apostilado pelos \u00f3rg\u00e3os designados em cada pa\u00eds, para os casos de residentes em pa\u00edses signat\u00e1rios da Conven\u00e7\u00e3o sobre a Elimina\u00e7\u00e3o da Exig\u00eancia de Legaliza\u00e7\u00e3o de Documentos P\u00fablicos Estrangeiros\u201d.<\/p>\n<p>Fonte: Ag\u00eancia Brasil<\/p>\n","protected":false},"excerpt":{"rendered":"<p>Medida saiu no Di\u00e1rio Oficial desta quinta-feira (15) Uma portaria publicada pelo Instituto Nacional do Seguro Social (INSS) no Di\u00e1rio Oficial da Uni\u00e3o de hoje&#8230;<\/p>\n","protected":false},"author":1182,"featured_media":31792,"comment_status":"closed","ping_status":"closed","sticky":false,"template":"","format":"standard","meta":{"footnotes":""},"categories":[6],"tags":[2377,1129,61,3956,939,1839,1654,1575],"class_list":["post-32082","post","type-post","status-publish","format-standard","has-post-thumbnail","hentry","category-noticias","tag-beneficio","tag-bloqueio","tag-brasil","tag-comprovacao","tag-exterior","tag-inss","tag-prorrogacao","tag-vida"],"_links":{"self":[{"href":"https:\/\/www.sincomam.org.br\/index.php\/wp-json\/wp\/v2\/posts\/32082","targetHints":{"allow":["GET"]}}],"collection":[{"href":"https:\/\/www.sincomam.org.br\/index.php\/wp-json\/wp\/v2\/posts"}],"about":[{"href":"https:\/\/www.sincomam.org.br\/index.php\/wp-json\/wp\/v2\/types\/post"}],"author":[{"embeddable":true,"href":"https:\/\/www.sincomam.org.br\/index.php\/wp-json\/wp\/v2\/users\/1182"}],"replies":[{"embeddable":true,"href":"https:\/\/www.sincomam.org.br\/index.php\/wp-json\/wp\/v2\/comments?post=32082"}],"version-history":[{"count":1,"href":"https:\/\/www.sincomam.org.br\/index.php\/wp-json\/wp\/v2\/posts\/32082\/revisions"}],"predecessor-version":[{"id":32083,"href":"https:\/\/www.sincomam.org.br\/index.php\/wp-json\/wp\/v2\/posts\/32082\/revisions\/32083"}],"wp:featuredmedia":[{"embeddable":true,"href":"https:\/\/www.sincomam.org.br\/index.php\/wp-json\/wp\/v2\/media\/31792"}],"wp:attachment":[{"href":"https:\/\/www.sincomam.org.br\/index.php\/wp-json\/wp\/v2\/media?parent=32082"}],"wp:term":[{"taxonomy":"category","embeddable":true,"href":"https:\/\/www.sincomam.org.br\/index.php\/wp-json\/wp\/v2\/categories?post=32082"},{"taxonomy":"post_tag","embeddable":true,"href":"https:\/\/www.sincomam.org.br\/index.php\/wp-json\/wp\/v2\/tags?post=32082"}],"curies":[{"name":"wp","href":"https:\/\/api.w.org\/{rel}","templated":true}]}}