{"id":32060,"date":"2020-10-14T11:12:52","date_gmt":"2020-10-14T14:12:52","guid":{"rendered":"http:\/\/www.sincomam.org.br\/?p=32060"},"modified":"2020-10-14T11:12:52","modified_gmt":"2020-10-14T14:12:52","slug":"empresa-alema-compra-estaleiro-em-itajai-para-construir-navios-da-marinha","status":"publish","type":"post","link":"https:\/\/www.sincomam.org.br\/index.php\/empresa-alema-compra-estaleiro-em-itajai-para-construir-navios-da-marinha\/","title":{"rendered":"Empresa alem\u00e3 compra estaleiro em Itaja\u00ed para construir navios da Marinha"},"content":{"rendered":"<p><strong><em>Estaleiro Oceana ser\u00e1 a base de constru\u00e7\u00e3o das embarca\u00e7\u00f5es<\/em><\/strong><\/p>\n<p>A empresa alem\u00e3 Thyssenkrupp Marine Systems concluiu o processo de aquisi\u00e7\u00e3o do estaleiro Oceana, em Itaja\u00ed. O an\u00fancio do \u2018fato relevante\u2019 foi feito esta semana. O estaleiro ser\u00e1 usado para a constru\u00e7\u00e3o de quatro navios para a Marinha do Brasil, um contrato de R$ 9 bilh\u00f5es.<\/p>\n<p>O estaleiro Oceana pertencia \u00e0 Alian\u00e7a, do Grupo CBO \u2013 uma das maiores representantes da ind\u00fastria naval offshore no pa\u00eds. O an\u00fancio da venda foi feito em maio, e em junho o Conselho Administrativo de Defesa Econ\u00f4mica (Cade) aprovou dar sequ\u00eancia \u00e0 transa\u00e7\u00e3o. O valor pago pela estrutura \u00e9 mantido em sigilo.<\/p>\n<p>Em comunicado p\u00fablico, o Grupo CBO informou que a venda n\u00e3o altera o quadro societ\u00e1rio da companhia, que mant\u00e9m outros neg\u00f3cios.<\/p>\n<p>A Thyssenkrupp Marine Systems tem expectativa de utilizar a estrutura de Itaja\u00ed para assumir outras encomendas, al\u00e9m dos navios j\u00e1 negociados com a Marinha brasileira. A ideia \u00e9 fornecer tamb\u00e9m para outros pa\u00edses da Am\u00e9rica do Sul.<\/p>\n<p>A empresa alem\u00e3 atua mundialmente na constru\u00e7\u00e3o de embarca\u00e7\u00f5es subaqu\u00e1ticas e de superf\u00edcie, e no setor de eletr\u00f4nica naval e tecnologia de defesa. O contrato com o Brasil prev\u00ea transfer\u00eancia de tecnologia para a constru\u00e7\u00e3o de navios do tipo fragata.<\/p>\n<p><strong>OCEANA<\/strong><\/p>\n<p>O estaleiro Oceana teve a pedra fundamental lan\u00e7ada em 2013, \u00e9poca do boom do pr\u00e9-sal no Brasil. A empresa se especializou na constru\u00e7\u00e3o de embarca\u00e7\u00f5es de apoio offshore para plataformas de petr\u00f3leo.<\/p>\n<p>Nos \u00faltimos anos, com a derrocada da Petrobras, a estrutura esteve subutilizada \u2013 at\u00e9 a escolha pela empresa alem\u00e3, que integra o cons\u00f3rcio vencedor da licita\u00e7\u00e3o para a constru\u00e7\u00e3o dos navios militares no Brasil.<\/p>\n<p>Os planos para execu\u00e7\u00e3o das fragatas est\u00e1 em andamento. Por enquanto, a fase \u00e9 de projeto executivo. A expectativa \u00e9 que as fragatas comecem a ser produzidas em 2021, com previs\u00e3o de entrega da primeira embarca\u00e7\u00e3o em 2024. As obras devem gerar, inicialmente, 800 empregos diretos em Itaja\u00ed.<\/p>\n<p>Fonte: NSC Total \/ Informativo dos Portos<\/p>\n","protected":false},"excerpt":{"rendered":"<p>Estaleiro Oceana ser\u00e1 a base de constru\u00e7\u00e3o das embarca\u00e7\u00f5es A empresa alem\u00e3 Thyssenkrupp Marine Systems concluiu o processo de aquisi\u00e7\u00e3o do estaleiro Oceana, em Itaja\u00ed&#8230;.<\/p>\n","protected":false},"author":1182,"featured_media":29353,"comment_status":"closed","ping_status":"closed","sticky":false,"template":"","format":"standard","meta":{"footnotes":""},"categories":[6],"tags":[851,1655,131,81,3579,3954,1013,3040],"class_list":["post-32060","post","type-post","status-publish","format-standard","has-post-thumbnail","hentry","category-noticias","tag-aquisicao","tag-base","tag-construcao","tag-estaleiro","tag-fragatas","tag-grupo-cbo","tag-marinha-do-brasil","tag-oceana"],"_links":{"self":[{"href":"https:\/\/www.sincomam.org.br\/index.php\/wp-json\/wp\/v2\/posts\/32060","targetHints":{"allow":["GET"]}}],"collection":[{"href":"https:\/\/www.sincomam.org.br\/index.php\/wp-json\/wp\/v2\/posts"}],"about":[{"href":"https:\/\/www.sincomam.org.br\/index.php\/wp-json\/wp\/v2\/types\/post"}],"author":[{"embeddable":true,"href":"https:\/\/www.sincomam.org.br\/index.php\/wp-json\/wp\/v2\/users\/1182"}],"replies":[{"embeddable":true,"href":"https:\/\/www.sincomam.org.br\/index.php\/wp-json\/wp\/v2\/comments?post=32060"}],"version-history":[{"count":1,"href":"https:\/\/www.sincomam.org.br\/index.php\/wp-json\/wp\/v2\/posts\/32060\/revisions"}],"predecessor-version":[{"id":32061,"href":"https:\/\/www.sincomam.org.br\/index.php\/wp-json\/wp\/v2\/posts\/32060\/revisions\/32061"}],"wp:featuredmedia":[{"embeddable":true,"href":"https:\/\/www.sincomam.org.br\/index.php\/wp-json\/wp\/v2\/media\/29353"}],"wp:attachment":[{"href":"https:\/\/www.sincomam.org.br\/index.php\/wp-json\/wp\/v2\/media?parent=32060"}],"wp:term":[{"taxonomy":"category","embeddable":true,"href":"https:\/\/www.sincomam.org.br\/index.php\/wp-json\/wp\/v2\/categories?post=32060"},{"taxonomy":"post_tag","embeddable":true,"href":"https:\/\/www.sincomam.org.br\/index.php\/wp-json\/wp\/v2\/tags?post=32060"}],"curies":[{"name":"wp","href":"https:\/\/api.w.org\/{rel}","templated":true}]}}