{"id":32058,"date":"2020-10-14T10:59:35","date_gmt":"2020-10-14T13:59:35","guid":{"rendered":"http:\/\/www.sincomam.org.br\/?p=32058"},"modified":"2020-10-14T10:59:35","modified_gmt":"2020-10-14T13:59:35","slug":"prova-de-vida-de-servidores-aposentados-pensionistas-e-anistiados-e-suspensa-ate-31-de-outubro","status":"publish","type":"post","link":"https:\/\/www.sincomam.org.br\/index.php\/prova-de-vida-de-servidores-aposentados-pensionistas-e-anistiados-e-suspensa-ate-31-de-outubro\/","title":{"rendered":"Prova de Vida de servidores aposentados, pensionistas e anistiados \u00e9 suspensa at\u00e9 31 de outubro"},"content":{"rendered":"<p><strong><em>Objetivo da prorroga\u00e7\u00e3o \u00e9 reduzir o cont\u00e1gio dos benefici\u00e1rios que fazem parte do grupo de risco da Covid-19<\/em><\/strong><\/p>\n<p>O Minist\u00e9rio da Economia divulgou que a exig\u00eancia da Prova de Vida anual (recadastramento) de servidores aposentados, pensionistas e anistiados pol\u00edticos civis, est\u00e1 suspensa at\u00e9 31 de outubro de 2020.<\/p>\n<p>Segundo a Secretaria de Gest\u00e3o e Desempenho de Pessoal do Minist\u00e9rio da Economia, o objetivo da prorroga\u00e7\u00e3o \u00e9 reduzir a possibilidade de cont\u00e1gio dos benefici\u00e1rios que fazem o processo de recadastramento anual, que em sua maioria s\u00e3o idosos e considerados mais vulner\u00e1veis ao agravamento e dissemina\u00e7\u00e3o da Covid-19. A medida, no entanto, n\u00e3o afeta o recebimento de proventos e pens\u00f5es dos benefici\u00e1rios que fizeram anivers\u00e1rio a partir de janeiro de 2020 e ainda n\u00e3o fizerem a Prova de Vida anual.<\/p>\n<p>Os benefici\u00e1rios que, excepcionalmente, tiveram o pagamento suspenso antes da publica\u00e7\u00e3o de 18 de mar\u00e7o podem solicitar o seu restabelecimento. Basta acessar <strong>o Sistema de Gest\u00e3o de Pessoas (Sigepe)<\/strong> selecionar, em Requerimento, o documento Restabelecimento de Pagamento \u2013 Covid-19. O benefici\u00e1rio receber\u00e1 um comunicado do deferimento ou n\u00e3o do seu requerimento por e-mail enviado automaticamente pelo Sigepe.<\/p>\n<p>A Unidade de Gest\u00e3o de Pessoas de cada \u00f3rg\u00e3o e entidade da Administra\u00e7\u00e3o P\u00fablica Federal, a partir da confirma\u00e7\u00e3o do deferimento, dever\u00e1 realizar o restabelecimento excepcional, obedecendo ao cronograma mensal da folha de pagamento.<\/p>\n<p>A Secretaria de Gest\u00e3o e Desempenho de Pessoal estabelecer\u00e1, posteriormente, o prazo e a forma para realiza\u00e7\u00e3o da comprova\u00e7\u00e3o de vida daqueles que foram contemplados na suspens\u00e3o da Prova de Vida anual, assim como dos que tiveram o pagamento excepcionalmente restabelecido por solicita\u00e7\u00e3o via Requerimento do Sigepe.<\/p>\n<p>*Com informa\u00e7\u00f5es do Minist\u00e9rio da Economia<\/p>\n","protected":false},"excerpt":{"rendered":"<p>Objetivo da prorroga\u00e7\u00e3o \u00e9 reduzir o cont\u00e1gio dos benefici\u00e1rios que fazem parte do grupo de risco da Covid-19 O Minist\u00e9rio da Economia divulgou que a&#8230;<\/p>\n","protected":false},"author":1182,"featured_media":20357,"comment_status":"closed","ping_status":"closed","sticky":false,"template":"","format":"standard","meta":{"footnotes":""},"categories":[6],"tags":[3953,420,856,378,2902,3952,1823,517],"class_list":["post-32058","post","type-post","status-publish","format-standard","has-post-thumbnail","hentry","category-noticias","tag-anistiados","tag-aposentados","tag-economia","tag-ministerio","tag-pensionistas","tag-prova-de-vida","tag-servidores","tag-suspensao"],"_links":{"self":[{"href":"https:\/\/www.sincomam.org.br\/index.php\/wp-json\/wp\/v2\/posts\/32058","targetHints":{"allow":["GET"]}}],"collection":[{"href":"https:\/\/www.sincomam.org.br\/index.php\/wp-json\/wp\/v2\/posts"}],"about":[{"href":"https:\/\/www.sincomam.org.br\/index.php\/wp-json\/wp\/v2\/types\/post"}],"author":[{"embeddable":true,"href":"https:\/\/www.sincomam.org.br\/index.php\/wp-json\/wp\/v2\/users\/1182"}],"replies":[{"embeddable":true,"href":"https:\/\/www.sincomam.org.br\/index.php\/wp-json\/wp\/v2\/comments?post=32058"}],"version-history":[{"count":1,"href":"https:\/\/www.sincomam.org.br\/index.php\/wp-json\/wp\/v2\/posts\/32058\/revisions"}],"predecessor-version":[{"id":32059,"href":"https:\/\/www.sincomam.org.br\/index.php\/wp-json\/wp\/v2\/posts\/32058\/revisions\/32059"}],"wp:featuredmedia":[{"embeddable":true,"href":"https:\/\/www.sincomam.org.br\/index.php\/wp-json\/wp\/v2\/media\/20357"}],"wp:attachment":[{"href":"https:\/\/www.sincomam.org.br\/index.php\/wp-json\/wp\/v2\/media?parent=32058"}],"wp:term":[{"taxonomy":"category","embeddable":true,"href":"https:\/\/www.sincomam.org.br\/index.php\/wp-json\/wp\/v2\/categories?post=32058"},{"taxonomy":"post_tag","embeddable":true,"href":"https:\/\/www.sincomam.org.br\/index.php\/wp-json\/wp\/v2\/tags?post=32058"}],"curies":[{"name":"wp","href":"https:\/\/api.w.org\/{rel}","templated":true}]}}