{"id":32033,"date":"2020-10-13T16:59:16","date_gmt":"2020-10-13T19:59:16","guid":{"rendered":"http:\/\/www.sincomam.org.br\/?p=32033"},"modified":"2020-10-13T17:00:32","modified_gmt":"2020-10-13T20:00:32","slug":"operacao-pantanal-emprega-mais-de-1-100-profissionais-no-combate-a-incendios","status":"publish","type":"post","link":"https:\/\/www.sincomam.org.br\/index.php\/operacao-pantanal-emprega-mais-de-1-100-profissionais-no-combate-a-incendios\/","title":{"rendered":"Opera\u00e7\u00e3o Pantanal emprega mais de 1.100 profissionais no combate a inc\u00eandios"},"content":{"rendered":"<p><strong>A\u00e7\u00f5es<em> dos militares contam com meios de transportes a\u00e9reos, terrestres e navais<\/em><\/strong><\/p>\n<p>O Minist\u00e9rio da Defesa informou que a Opera\u00e7\u00e3o Pantanal, atuante desde o dia 25 de julho, j\u00e1 empregou mais de 1.100 militares para o combate a focos de inc\u00eandio no Pantanal sul-mato-grossense. As opera\u00e7\u00f5es contam com o apoio de 80 viaturas, dois navios, 10 embarca\u00e7\u00f5es e 17 aeronaves.<\/p>\n<p>As equipes realizaram monitoramento e combate \u00e0s chamas nas regi\u00f5es de Recanto Moquem, Porto Jofre, Taiam\u00e3, Parna, Bar\u00e3o de Melga\u00e7o, Serra do Amolar, Fazenda Bodoquena, Passo do Lontra, Fazenda Santa Clara, Estrada Parque, Lim\u00e3o Verde e Taunay. Al\u00e9m disso, foi feito transporte log\u00edstico na regi\u00e3o do Aer\u00f3dromo do SESC.<\/p>\n<p>O Centro de Coordena\u00e7\u00e3o da Opera\u00e7\u00e3o est\u00e1 instalado no aer\u00f3dromo do Sesc Pantanal, em Pocon\u00e9 (MT), ponto estrat\u00e9gico para o emprego dos meios. Participam da opera\u00e7\u00e3o embarca\u00e7\u00f5es e helic\u00f3pteros da Marinha, do Ex\u00e9rcito e da Aeron\u00e1utica, al\u00e9m de fuzileiros navais com curso em inc\u00eandio florestal.<\/p>\n<p>*Com informa\u00e7\u00f5es do Minist\u00e9rio da Defesa \/ Foto: Divulga\u00e7\u00e3o &#8211; ComSoc 6\u00b0DN<\/p>\n","protected":false},"excerpt":{"rendered":"<p>A\u00e7\u00f5es dos militares contam com meios de transportes a\u00e9reos, terrestres e navais O Minist\u00e9rio da Defesa informou que a Opera\u00e7\u00e3o Pantanal, atuante desde o dia&#8230;<\/p>\n","protected":false},"author":1182,"featured_media":32034,"comment_status":"closed","ping_status":"closed","sticky":false,"template":"","format":"standard","meta":{"footnotes":""},"categories":[6],"tags":[2909,2840,837,3908,1013,377,1976],"class_list":["post-32033","post","type-post","status-publish","format-standard","has-post-thumbnail","hentry","category-noticias","tag-aeronautica","tag-combate","tag-exercito","tag-incendios","tag-marinha-do-brasil","tag-operacao","tag-pantanal"],"_links":{"self":[{"href":"https:\/\/www.sincomam.org.br\/index.php\/wp-json\/wp\/v2\/posts\/32033","targetHints":{"allow":["GET"]}}],"collection":[{"href":"https:\/\/www.sincomam.org.br\/index.php\/wp-json\/wp\/v2\/posts"}],"about":[{"href":"https:\/\/www.sincomam.org.br\/index.php\/wp-json\/wp\/v2\/types\/post"}],"author":[{"embeddable":true,"href":"https:\/\/www.sincomam.org.br\/index.php\/wp-json\/wp\/v2\/users\/1182"}],"replies":[{"embeddable":true,"href":"https:\/\/www.sincomam.org.br\/index.php\/wp-json\/wp\/v2\/comments?post=32033"}],"version-history":[{"count":1,"href":"https:\/\/www.sincomam.org.br\/index.php\/wp-json\/wp\/v2\/posts\/32033\/revisions"}],"predecessor-version":[{"id":32035,"href":"https:\/\/www.sincomam.org.br\/index.php\/wp-json\/wp\/v2\/posts\/32033\/revisions\/32035"}],"wp:featuredmedia":[{"embeddable":true,"href":"https:\/\/www.sincomam.org.br\/index.php\/wp-json\/wp\/v2\/media\/32034"}],"wp:attachment":[{"href":"https:\/\/www.sincomam.org.br\/index.php\/wp-json\/wp\/v2\/media?parent=32033"}],"wp:term":[{"taxonomy":"category","embeddable":true,"href":"https:\/\/www.sincomam.org.br\/index.php\/wp-json\/wp\/v2\/categories?post=32033"},{"taxonomy":"post_tag","embeddable":true,"href":"https:\/\/www.sincomam.org.br\/index.php\/wp-json\/wp\/v2\/tags?post=32033"}],"curies":[{"name":"wp","href":"https:\/\/api.w.org\/{rel}","templated":true}]}}