{"id":32030,"date":"2020-10-13T12:22:08","date_gmt":"2020-10-13T15:22:08","guid":{"rendered":"http:\/\/www.sincomam.org.br\/?p=32030"},"modified":"2020-10-13T12:22:08","modified_gmt":"2020-10-13T15:22:08","slug":"porta-helicopteros-multiproposito-atlantico-opera-com-helicopteros-das-tres-forcas","status":"publish","type":"post","link":"https:\/\/www.sincomam.org.br\/index.php\/porta-helicopteros-multiproposito-atlantico-opera-com-helicopteros-das-tres-forcas\/","title":{"rendered":"Porta-Helic\u00f3pteros Multiprop\u00f3sito \u201cAtl\u00e2ntico\u201d opera com helic\u00f3pteros das tr\u00eas For\u00e7as"},"content":{"rendered":"<p><strong><em>Aeronaves da Marinha, do Ex\u00e9rcito e da For\u00e7a A\u00e9rea alinhadas no convoo do PHM \u201cAtl\u00e2ntico\u201d<\/em><\/strong><\/p>\n<p>Sob coordena\u00e7\u00e3o do Comando da 2\u00aa Divis\u00e3o da Esquadra, a Marinha do Brasil informou que est\u00e1 sendo realizado, pela primeira vez, um Adestramento Conjunto de Emprego de Helic\u00f3pteros das tr\u00eas For\u00e7as Armadas, a partir do Porta-Helic\u00f3pteros Multiprop\u00f3sito (PHM) \u201cAtl\u00e2ntico\u201d. O objetivo \u00e9 prover a qualifica\u00e7\u00e3o de equipagens do Ex\u00e9rcito Brasileiro (EB) e da For\u00e7a A\u00e9rea Brasileira (FAB) em pousos e decolagens a bordo de navios da Marinha do Brasil.<\/p>\n<p>A primeira fase da opera\u00e7\u00e3o teve in\u00edcio no dia 22 de setembro, com a realiza\u00e7\u00e3o de semin\u00e1rios e adestramentos necess\u00e1rios \u00e0 qualifica\u00e7\u00e3o dos pilotos do EB e da FAB, na Base Aeronaval de S\u00e3o Pedro da Aldeia, no Rio de Janeiro. A segunda fase iniciou em 5 de outubro e terminou no dia 9 de outubro, com a realiza\u00e7\u00e3o de adestramentos de qualifica\u00e7\u00e3o e de manuten\u00e7\u00e3o operacional dos pilotos das For\u00e7as Singulares a bordo do PHM \u201cAtl\u00e2ntico\u201d, fundeado na Ba\u00eda de Sepetiba.<\/p>\n<p>O Ministro da Defesa, Fernando Azevedo e Silva, acompanhou, na \u00faltima sexta-feira (9), as atividades do adestramento, a partir do PHM \u201cAtl\u00e2ntico\u201d, no contexto da Opera\u00e7\u00e3o \u201cPoseidon\/2020\u201d.<\/p>\n<p>A Marinha informa que ainda est\u00e3o sendo realizadas opera\u00e7\u00f5es conjuntas de infiltra\u00e7\u00e3o e retirada (terrestres e aqu\u00e1ticas) de For\u00e7as de Opera\u00e7\u00f5es Especiais por helic\u00f3pteros da Marinha, do Ex\u00e9rcito e da For\u00e7a A\u00e9rea, partindo do PHM \u201cAtl\u00e2ntico\u201d, sob coordena\u00e7\u00e3o do Comando Naval de Opera\u00e7\u00f5es Especiais (CoNavOpEsp).<\/p>\n<p>*Com informa\u00e7\u00f5es da MB<\/p>\n","protected":false},"excerpt":{"rendered":"<p>Aeronaves da Marinha, do Ex\u00e9rcito e da For\u00e7a A\u00e9rea alinhadas no convoo do PHM \u201cAtl\u00e2ntico\u201d Sob coordena\u00e7\u00e3o do Comando da 2\u00aa Divis\u00e3o da Esquadra, a&#8230;<\/p>\n","protected":false},"author":1182,"featured_media":32031,"comment_status":"closed","ping_status":"closed","sticky":false,"template":"","format":"standard","meta":{"footnotes":""},"categories":[6],"tags":[1695,894,3407,3946],"class_list":["post-32030","post","type-post","status-publish","format-standard","has-post-thumbnail","hentry","category-noticias","tag-atlantico","tag-forcas-armadas","tag-helicopteros","tag-multiproposito"],"_links":{"self":[{"href":"https:\/\/www.sincomam.org.br\/index.php\/wp-json\/wp\/v2\/posts\/32030","targetHints":{"allow":["GET"]}}],"collection":[{"href":"https:\/\/www.sincomam.org.br\/index.php\/wp-json\/wp\/v2\/posts"}],"about":[{"href":"https:\/\/www.sincomam.org.br\/index.php\/wp-json\/wp\/v2\/types\/post"}],"author":[{"embeddable":true,"href":"https:\/\/www.sincomam.org.br\/index.php\/wp-json\/wp\/v2\/users\/1182"}],"replies":[{"embeddable":true,"href":"https:\/\/www.sincomam.org.br\/index.php\/wp-json\/wp\/v2\/comments?post=32030"}],"version-history":[{"count":1,"href":"https:\/\/www.sincomam.org.br\/index.php\/wp-json\/wp\/v2\/posts\/32030\/revisions"}],"predecessor-version":[{"id":32032,"href":"https:\/\/www.sincomam.org.br\/index.php\/wp-json\/wp\/v2\/posts\/32030\/revisions\/32032"}],"wp:featuredmedia":[{"embeddable":true,"href":"https:\/\/www.sincomam.org.br\/index.php\/wp-json\/wp\/v2\/media\/32031"}],"wp:attachment":[{"href":"https:\/\/www.sincomam.org.br\/index.php\/wp-json\/wp\/v2\/media?parent=32030"}],"wp:term":[{"taxonomy":"category","embeddable":true,"href":"https:\/\/www.sincomam.org.br\/index.php\/wp-json\/wp\/v2\/categories?post=32030"},{"taxonomy":"post_tag","embeddable":true,"href":"https:\/\/www.sincomam.org.br\/index.php\/wp-json\/wp\/v2\/tags?post=32030"}],"curies":[{"name":"wp","href":"https:\/\/api.w.org\/{rel}","templated":true}]}}