{"id":32005,"date":"2020-10-09T14:00:41","date_gmt":"2020-10-09T17:00:41","guid":{"rendered":"http:\/\/www.sincomam.org.br\/?p=32005"},"modified":"2020-10-09T14:00:41","modified_gmt":"2020-10-09T17:00:41","slug":"governo-autoriza-golar-power-a-importar-gas-de-diversos-paises-para-o-brasil","status":"publish","type":"post","link":"https:\/\/www.sincomam.org.br\/index.php\/governo-autoriza-golar-power-a-importar-gas-de-diversos-paises-para-o-brasil\/","title":{"rendered":"Governo autoriza Golar Power a importar g\u00e1s de diversos pa\u00edses para o Brasil"},"content":{"rendered":"<p>Uma unidade da el\u00e9trica Golar Power recebeu autoriza\u00e7\u00e3o do governo brasileiro para realizar importa\u00e7\u00f5es de g\u00e1s junto a \u201cdiversos pa\u00edses\u201d at\u00e9 o final de 2023.<\/p>\n<p>Segundo despacho do Minist\u00e9rio de Minas e Energia no Di\u00e1rio Oficial da Uni\u00e3o desta quinta-feira, o aval foi dado \u00e0 Golar Power Comercializadora de G\u00e1s Natural e envolve volume de at\u00e9 37,5 milh\u00f5es de metros c\u00fabicos em g\u00e1s natural liquefeito (GNL).<\/p>\n<p>O local de entrega no Brasil seria um terminal de regaseifica\u00e7\u00e3o em Salvador, na Bahia, segundo a publica\u00e7\u00e3o.<\/p>\n<p>O mercado potencial para o g\u00e1s importado envolve consumidores livres, produtores independentes de energia e companhias locais distribuidoras de g\u00e1s natural.<\/p>\n<p>A autoriza\u00e7\u00e3o vale de dezembro de 2020 a dezembro de 2023 e apenas para GNL, de acordo com o minist\u00e9rio.<\/p>\n<p>A Golar Power apresentou a melhor proposta em um processo competitivo aberto pela Petrobras para arrendar seu terminal de regaseifica\u00e7\u00e3o na Bahia, disseram fontes \u00e0 Reuters no in\u00edcio do m\u00eas, mas a estatal desclassificou a empresa devido a an\u00e1lises de \u201crisco de integridade\u201d.<\/p>\n<p>O movimento da Petrobras veio ap\u00f3s o executivo de uma empresa na qual o grupo Golar tem participa\u00e7\u00e3o ter sido citado em uma investiga\u00e7\u00e3o da Opera\u00e7\u00e3o Lava Jato.<\/p>\n<p>A Golar disse na semana passada que ir\u00e1 recorrer de sua desclassifica\u00e7\u00e3o, ao defender que n\u00e3o tem qualquer envolvimento com fatos apurados na Lava Jato, que segundo ela ocorreram antes da pr\u00f3pria cria\u00e7\u00e3o da empresa.<\/p>\n<p>Fonte: Reuters<\/p>\n","protected":false},"excerpt":{"rendered":"<p>Uma unidade da el\u00e9trica Golar Power recebeu autoriza\u00e7\u00e3o do governo brasileiro para realizar importa\u00e7\u00f5es de g\u00e1s junto a \u201cdiversos pa\u00edses\u201d at\u00e9 o final de 2023&#8230;.<\/p>\n","protected":false},"author":1182,"featured_media":20127,"comment_status":"closed","ping_status":"closed","sticky":false,"template":"","format":"standard","meta":{"footnotes":""},"categories":[6],"tags":[153,61,57,3512,830,967,847],"class_list":["post-32005","post","type-post","status-publish","format-standard","has-post-thumbnail","hentry","category-noticias","tag-bahia","tag-brasil","tag-gas","tag-golar-power","tag-importacao","tag-regaseificacao","tag-salvador"],"_links":{"self":[{"href":"https:\/\/www.sincomam.org.br\/index.php\/wp-json\/wp\/v2\/posts\/32005","targetHints":{"allow":["GET"]}}],"collection":[{"href":"https:\/\/www.sincomam.org.br\/index.php\/wp-json\/wp\/v2\/posts"}],"about":[{"href":"https:\/\/www.sincomam.org.br\/index.php\/wp-json\/wp\/v2\/types\/post"}],"author":[{"embeddable":true,"href":"https:\/\/www.sincomam.org.br\/index.php\/wp-json\/wp\/v2\/users\/1182"}],"replies":[{"embeddable":true,"href":"https:\/\/www.sincomam.org.br\/index.php\/wp-json\/wp\/v2\/comments?post=32005"}],"version-history":[{"count":1,"href":"https:\/\/www.sincomam.org.br\/index.php\/wp-json\/wp\/v2\/posts\/32005\/revisions"}],"predecessor-version":[{"id":32006,"href":"https:\/\/www.sincomam.org.br\/index.php\/wp-json\/wp\/v2\/posts\/32005\/revisions\/32006"}],"wp:featuredmedia":[{"embeddable":true,"href":"https:\/\/www.sincomam.org.br\/index.php\/wp-json\/wp\/v2\/media\/20127"}],"wp:attachment":[{"href":"https:\/\/www.sincomam.org.br\/index.php\/wp-json\/wp\/v2\/media?parent=32005"}],"wp:term":[{"taxonomy":"category","embeddable":true,"href":"https:\/\/www.sincomam.org.br\/index.php\/wp-json\/wp\/v2\/categories?post=32005"},{"taxonomy":"post_tag","embeddable":true,"href":"https:\/\/www.sincomam.org.br\/index.php\/wp-json\/wp\/v2\/tags?post=32005"}],"curies":[{"name":"wp","href":"https:\/\/api.w.org\/{rel}","templated":true}]}}