{"id":32002,"date":"2020-10-09T13:52:38","date_gmt":"2020-10-09T16:52:38","guid":{"rendered":"http:\/\/www.sincomam.org.br\/?p=32002"},"modified":"2020-10-09T14:07:17","modified_gmt":"2020-10-09T17:07:17","slug":"covid-19-brasil-registra-quase-150-mil-mortes-por-covid-19","status":"publish","type":"post","link":"https:\/\/www.sincomam.org.br\/index.php\/covid-19-brasil-registra-quase-150-mil-mortes-por-covid-19\/","title":{"rendered":"Brasil registra quase 150 mil mortes por Covid-19"},"content":{"rendered":"<p><strong><em>Minist\u00e9rio da Sa\u00fade informa que 4.414.564 brasileiros j\u00e1 se recuperam do novo coronav\u00edrus<\/em><\/strong><\/p>\n<p>As mortes acumuladas desde o in\u00edcio da pandemia do novo coronav\u00edrus alcan\u00e7aram 148.957 \u00f3bitos. As autoridades de sa\u00fade registraram 27.750 novos casos e 729 mortes nas \u00faltimas 24 horas em decorr\u00eancia da covid-19.<\/p>\n<p>As informa\u00e7\u00f5es foram disponibilizadas pelo Minist\u00e9rio da Sa\u00fade em seu balan\u00e7o di\u00e1rio divulgado na noite desta quinta-feira (8). A atualiza\u00e7\u00e3o consolida dados enviados pelas secretarias de sa\u00fade.<\/p>\n<p>Os casos confirmados de covid-19, desde o in\u00edcio da pandemia at\u00e9 hoje, totalizaram 5.028.444. Ainda restam 464.923 casos em acompanhamento. De acordo com o Minist\u00e9rio da Sa\u00fade, outras 4.414.564 pessoas j\u00e1 se recuperaram da doen\u00e7a.<\/p>\n<p><strong>Covid-19 nos Estados<\/strong><\/p>\n<p>O estado de S\u00e3o Paulo lidera o ranking da Covid-19 no pa\u00eds. At\u00e9 o momento, o estado soma 36.884 mortes e 1.022.404 casos confirmados do novo coronav\u00edrus.<\/p>\n<p><a href=\"https:\/\/www.sincomam.org.br\/wp-content\/uploads\/2020\/10\/boletim-08-10.jpeg\" target=\"_blank\" rel=\"noopener noreferrer\"><img fetchpriority=\"high\" decoding=\"async\" class=\"alignleft wp-image-32003 size-full\" src=\"https:\/\/www.sincomam.org.br\/wp-content\/uploads\/2020\/10\/boletim-08-10.jpeg\" alt=\"\" width=\"754\" height=\"421\" srcset=\"https:\/\/www.sincomam.org.br\/wp-content\/uploads\/2020\/10\/boletim-08-10.jpeg 754w, https:\/\/www.sincomam.org.br\/wp-content\/uploads\/2020\/10\/boletim-08-10-300x168.jpeg 300w\" sizes=\"(max-width: 754px) 100vw, 754px\" \/><\/a>Os estados com mais mortes: S\u00e3o Paulo (36.884), Rio de Janeiro (19.110), Cear\u00e1 (9.111), Pernambuco (8.387) e Minas Gerais (7.897). As Unidades da Federa\u00e7\u00e3o com menos casos s\u00e3o Roraima (666), Acre (669), Amap\u00e1 (724), Tocantins (996) e Mato Grosso do Sul (1.395).<a href=\"https:\/\/www.sincomam.org.br\/wp-content\/uploads\/2020\/10\/boletim-08-10.jpeg\" target=\"_blank\" rel=\"noopener noreferrer\"><br \/>\n<\/a><\/p>\n<p><b>OMS alerta<\/b><\/p>\n<p>A Organiza\u00e7\u00e3o Mundial da Sa\u00fade (OMS) relatou um aumento di\u00e1rio recorde de casos globais do novo coronav\u00edrus nessa quinta-feira (8), quando o total foi de 338.779 em 24 horas, liderado por uma disparada de infec\u00e7\u00f5es na Europa.<\/p>\n<p>A Europa relatou 96.996 casos novos, o maior total da regi\u00e3o j\u00e1 registrado pela OMS. As mortes globais aumentaram 5.514 e chegaram a 1,05 milh\u00e3o.<\/p>\n<p>De acordo com uma an\u00e1lise dos dados nacionais mais recentes feita pela Reuters, as infec\u00e7\u00f5es de covid-19 est\u00e3o aumentando em 54 pa\u00edses, o que inclui disparadas na Argentina, no Canad\u00e1 e na maior parte da Europa.<\/p>\n<p>As infec\u00e7\u00f5es no Reino Unido atingiram n\u00edveis recordes, com mais de 17 mil novos casos registrados ontem. As novas infec\u00e7\u00f5es di\u00e1rias de covid-19 na Fran\u00e7a continuaram acima do patamar recorde de 18 mil pelo segundo dia nessa quinta-feira e novas restri\u00e7\u00f5es foram impostas para conter o surto.<\/p>\n<div class=\"GridItemConstrainedMedium-sc-12lwanc-2 fVauYi\">\n<div class=\"Wrapper-e2169q-0 kopXQT\">\n<p>Com informa\u00e7\u00f5es da Ag\u00eancia Brasil\/Minist\u00e9rio da Sa\u00fade<\/p>\n<\/div>\n<\/div>\n<p>&nbsp;<\/p>\n","protected":false},"excerpt":{"rendered":"<p>Minist\u00e9rio da Sa\u00fade informa que 4.414.564 brasileiros j\u00e1 se recuperam do novo coronav\u00edrus As mortes acumuladas desde o in\u00edcio da pandemia do novo coronav\u00edrus alcan\u00e7aram&#8230;<\/p>\n","protected":false},"author":1182,"featured_media":28629,"comment_status":"closed","ping_status":"closed","sticky":false,"template":"","format":"standard","meta":{"footnotes":""},"categories":[6],"tags":[1242,61,2752,266,1672,1460,3569,1005,1210,1794,59,366],"class_list":["post-32002","post","type-post","status-publish","format-standard","has-post-thumbnail","hentry","category-noticias","tag-alerta","tag-brasil","tag-coronavirus","tag-eua","tag-europa","tag-infectados","tag-ministerio-da-saude","tag-mortes","tag-mundo","tag-oms","tag-rio-de-janeiro","tag-sao-paulo"],"_links":{"self":[{"href":"https:\/\/www.sincomam.org.br\/index.php\/wp-json\/wp\/v2\/posts\/32002","targetHints":{"allow":["GET"]}}],"collection":[{"href":"https:\/\/www.sincomam.org.br\/index.php\/wp-json\/wp\/v2\/posts"}],"about":[{"href":"https:\/\/www.sincomam.org.br\/index.php\/wp-json\/wp\/v2\/types\/post"}],"author":[{"embeddable":true,"href":"https:\/\/www.sincomam.org.br\/index.php\/wp-json\/wp\/v2\/users\/1182"}],"replies":[{"embeddable":true,"href":"https:\/\/www.sincomam.org.br\/index.php\/wp-json\/wp\/v2\/comments?post=32002"}],"version-history":[{"count":5,"href":"https:\/\/www.sincomam.org.br\/index.php\/wp-json\/wp\/v2\/posts\/32002\/revisions"}],"predecessor-version":[{"id":32010,"href":"https:\/\/www.sincomam.org.br\/index.php\/wp-json\/wp\/v2\/posts\/32002\/revisions\/32010"}],"wp:featuredmedia":[{"embeddable":true,"href":"https:\/\/www.sincomam.org.br\/index.php\/wp-json\/wp\/v2\/media\/28629"}],"wp:attachment":[{"href":"https:\/\/www.sincomam.org.br\/index.php\/wp-json\/wp\/v2\/media?parent=32002"}],"wp:term":[{"taxonomy":"category","embeddable":true,"href":"https:\/\/www.sincomam.org.br\/index.php\/wp-json\/wp\/v2\/categories?post=32002"},{"taxonomy":"post_tag","embeddable":true,"href":"https:\/\/www.sincomam.org.br\/index.php\/wp-json\/wp\/v2\/tags?post=32002"}],"curies":[{"name":"wp","href":"https:\/\/api.w.org\/{rel}","templated":true}]}}