{"id":31993,"date":"2020-10-09T12:15:52","date_gmt":"2020-10-09T15:15:52","guid":{"rendered":"http:\/\/www.sincomam.org.br\/?p=31993"},"modified":"2020-10-09T12:15:52","modified_gmt":"2020-10-09T15:15:52","slug":"governo-envia-71-bombeiros-militares-para-combate-aos-incendios-no-mato-grosso-do-sul","status":"publish","type":"post","link":"https:\/\/www.sincomam.org.br\/index.php\/governo-envia-71-bombeiros-militares-para-combate-aos-incendios-no-mato-grosso-do-sul\/","title":{"rendered":"Governo envia 71 bombeiros militares para combate aos inc\u00eandios no Mato Grosso do Sul"},"content":{"rendered":"<p><strong><em>Efetivo da For\u00e7a Nacional de Seguran\u00e7a P\u00fablica ser\u00e1 aumentado; Queda de helic\u00f3ptero em Mato Grosso deixa tr\u00eas feridos<\/em><\/strong><\/p>\n<p>O Minist\u00e9rio da Justi\u00e7a e Seguran\u00e7a P\u00fablica (MJSP) informou nesta sexta-feira (9) que vai refor\u00e7ar o efetivo da For\u00e7a Nacional na regi\u00e3o do Pantanal do Mato Grosso do Sul, no combate a inc\u00eandios no local. Ao todo, ser\u00e3o 71 bombeiros militares mobilizados temporariamente do Distrito Federal e de Santa Catarina.<\/p>\n<p><em>\u201cOs militares do Distrito Federal partir\u00e3o nesta sexta-feira (9) e os de Santa Catarina tamb\u00e9m est\u00e3o em processo de mobiliza\u00e7\u00e3o e j\u00e1 se encontram no estado combatendo o fogo\u201d, comunicou o minist\u00e9rio, em nota.<\/em><\/p>\n<p>De acordo com o secret\u00e1rio Nacional de Seguran\u00e7a P\u00fablica do Minist\u00e9rio da Justi\u00e7a e Seguran\u00e7a P\u00fablica (Senasp\/MJSP), Renato Paim, o envio emergencial est\u00e1 sendo tratado com os Estados desde quando o ministro manifestou apoio ao Mato Grosso e Mato Grosso do Sul.<\/p>\n<p>O Minist\u00e9rio informou, ainda, que os militares atuar\u00e3o na regi\u00e3o por 30 dias, prazo que poder\u00e1 ser prorrogado.<\/p>\n<p><strong>Queda do helic\u00f3ptero da For\u00e7a Nacional <\/strong><\/p>\n<p>Em nota Conjunta, o Minist\u00e9rio da Justi\u00e7a e Seguran\u00e7a P\u00fablica e Minist\u00e9rio da Defesa, informaram que um helic\u00f3ptero da For\u00e7a Nacional de Seguran\u00e7a P\u00fablica, caiu nesta quinta-feira (8), na regi\u00e3o de Pocon\u00e9 (MT).<\/p>\n<p>Segundo a nota dos minist\u00e9rios, os tr\u00eas tripulantes, que trabalhavam no combate \u00e0s queimadas na regi\u00e3o do Pantanal, foram socorridos e transportados do local do acidente em um helic\u00f3ptero da Marinha do Brasil. Em Cuiab\u00e1 (MT), eles receber\u00e3o o atendimento m\u00e9dico.<\/p>\n<p>Um dos tripulantes sofreu fratura exposta na perna. Os primeiros socorros foram prestados por equipe de apoio da For\u00e7a Nacional enviada para o resgate. As causas do acidente ainda ser\u00e3o investigadas.<\/p>\n<p><strong>Sem chuvas<\/strong><\/p>\n<p>Com previs\u00f5es meteorol\u00f3gicas indicando maior concentra\u00e7\u00e3o de chuvas em algumas regi\u00f5es de Mato Grosso do Sul somente a partir do dia 20 de outubro, o tempo seco e a baixa umidade relativa do ar continuam sendo os maiores desafios da for\u00e7a-tarefa criada pelo Governo do Estado para combater os inc\u00eandios florestais, especialmente no Pantanal. \/<\/p>\n<p>*Com informa\u00e7\u00f5es do Governo Federal \/ Foto: divulga\u00e7\u00e3o CBMS<\/p>\n","protected":false},"excerpt":{"rendered":"<p>Efetivo da For\u00e7a Nacional de Seguran\u00e7a P\u00fablica ser\u00e1 aumentado; Queda de helic\u00f3ptero em Mato Grosso deixa tr\u00eas feridos O Minist\u00e9rio da Justi\u00e7a e Seguran\u00e7a P\u00fablica&#8230;<\/p>\n","protected":false},"author":1182,"featured_media":31995,"comment_status":"closed","ping_status":"closed","sticky":false,"template":"","format":"standard","meta":{"footnotes":""},"categories":[6],"tags":[114,3844,2840,1081,3944,192,3539,115,3943,692,1976,1051,394,3009,635],"class_list":["post-31993","post","type-post","status-publish","format-standard","has-post-thumbnail","hentry","category-noticias","tag-acidente","tag-bombeiros","tag-combate","tag-feridos","tag-forca-nacional","tag-governo","tag-helicoptero","tag-incendio","tag-mato-grosso-sul","tag-militares","tag-pantanal","tag-queda","tag-resgate","tag-socorro","tag-tripulantes"],"_links":{"self":[{"href":"https:\/\/www.sincomam.org.br\/index.php\/wp-json\/wp\/v2\/posts\/31993","targetHints":{"allow":["GET"]}}],"collection":[{"href":"https:\/\/www.sincomam.org.br\/index.php\/wp-json\/wp\/v2\/posts"}],"about":[{"href":"https:\/\/www.sincomam.org.br\/index.php\/wp-json\/wp\/v2\/types\/post"}],"author":[{"embeddable":true,"href":"https:\/\/www.sincomam.org.br\/index.php\/wp-json\/wp\/v2\/users\/1182"}],"replies":[{"embeddable":true,"href":"https:\/\/www.sincomam.org.br\/index.php\/wp-json\/wp\/v2\/comments?post=31993"}],"version-history":[{"count":1,"href":"https:\/\/www.sincomam.org.br\/index.php\/wp-json\/wp\/v2\/posts\/31993\/revisions"}],"predecessor-version":[{"id":31996,"href":"https:\/\/www.sincomam.org.br\/index.php\/wp-json\/wp\/v2\/posts\/31993\/revisions\/31996"}],"wp:featuredmedia":[{"embeddable":true,"href":"https:\/\/www.sincomam.org.br\/index.php\/wp-json\/wp\/v2\/media\/31995"}],"wp:attachment":[{"href":"https:\/\/www.sincomam.org.br\/index.php\/wp-json\/wp\/v2\/media?parent=31993"}],"wp:term":[{"taxonomy":"category","embeddable":true,"href":"https:\/\/www.sincomam.org.br\/index.php\/wp-json\/wp\/v2\/categories?post=31993"},{"taxonomy":"post_tag","embeddable":true,"href":"https:\/\/www.sincomam.org.br\/index.php\/wp-json\/wp\/v2\/tags?post=31993"}],"curies":[{"name":"wp","href":"https:\/\/api.w.org\/{rel}","templated":true}]}}