{"id":3196,"date":"2014-01-24T10:13:22","date_gmt":"2014-01-24T12:13:22","guid":{"rendered":"http:\/\/www.sincomam.org.br\/?p=3196"},"modified":"2014-01-24T14:31:29","modified_gmt":"2014-01-24T16:31:29","slug":"ministro-da-secretaria-de-portos-pede-agilidade-nas-obras-do-porto-de-natal","status":"publish","type":"post","link":"https:\/\/www.sincomam.org.br\/index.php\/ministro-da-secretaria-de-portos-pede-agilidade-nas-obras-do-porto-de-natal\/","title":{"rendered":"Ministro da Secretaria de Portos pede agilidade nas obras do Porto de Natal"},"content":{"rendered":"<p>O ministro da Secretaria de Portos, Ant\u00f4nio Henrique Silveira, fez uma vistoria t\u00e9cnica nas obras do terminal mar\u00edtimo de passageiros do Porto de Natal (RN), que dever\u00e3o ser conclu\u00eddas em abril. O terminal integra o rol de obras do Programa de Acelera\u00e7\u00e3o do Crescimento (PAC) para a Copa do Mundo 2014.<\/p>\n<p>Para o porto da capital Potiguar\u00a0 est\u00e3o previstos investimentos de R$ 72,5 milh\u00f5es no \u00e2mbito do PAC, incluindo, al\u00e9m do terminal de passageiros, recupera\u00e7\u00e3o do cais, retro\u00e1rea e dolfim de amarra\u00e7\u00e3o, adapta\u00e7\u00e3o do antigo armaz\u00e9m frigor\u00edfico e amplia\u00e7\u00e3o de cais do Ber\u00e7o 1 de 209 metros para 236 metros.<\/p>\n<p>Durante a visita t\u00e9cnica Silveira pediu agilidade e dedica\u00e7\u00e3o intensas da empresa contratada para realizar as obras. Na avalia\u00e7\u00e3o do ministro, a conclus\u00e3o do terminal ser\u00e1 importante tanto para receber os turistas que v\u00e3o acompanhar os jogos da Copa do Mundo quanto para incluir Natal na rota dos cruzeiros internacionais.<\/p>\n<p>\u201cO per\u00edodo de cruzeiros no Brasil vai de outubro a mar\u00e7o. Com esse terminal mais moderno e instala\u00e7\u00f5es confort\u00e1veis, Natal vai entrar na rota dos grandes cruzeiros que v\u00e3o chegar ao Brasil\u201d, disse Silveira.<\/p>\n<p>Amanh\u00e3 (24\/01), o ministro far\u00e1 inspe\u00e7\u00e3o t\u00e9cnica nas obras do Porto de Fortaleza (CE). O total previsto de investimentos do PAC Copa na capital cearense \u00e9 de R$ 202,6 milh\u00f5es, a serem utilizados para constru\u00e7\u00e3o do terminal de passageiros, constru\u00e7\u00e3o de cais para um ber\u00e7o de m\u00faltiplo uso, pavimenta\u00e7\u00e3o e urbaniza\u00e7\u00e3o de via interna de acesso, estacionamento e p\u00e1tio.<\/p>\n<p>Fonte: SEP<br \/>Cr\u00e9ditos foto: ME\/ Portal da Copa 2014<\/p>\n","protected":false},"excerpt":{"rendered":"<p>O ministro da Secretaria de Portos, Ant\u00f4nio Henrique Silveira, fez uma vistoria t\u00e9cnica nas obras do terminal mar\u00edtimo de passageiros do Porto de Natal (RN),&#8230;<\/p>\n","protected":false},"author":1182,"featured_media":3197,"comment_status":"closed","ping_status":"closed","sticky":false,"template":"","format":"standard","meta":{"footnotes":""},"categories":[6],"tags":[357,80],"class_list":["post-3196","post","type-post","status-publish","format-standard","has-post-thumbnail","hentry","category-noticias","tag-natal","tag-porto"],"_links":{"self":[{"href":"https:\/\/www.sincomam.org.br\/index.php\/wp-json\/wp\/v2\/posts\/3196","targetHints":{"allow":["GET"]}}],"collection":[{"href":"https:\/\/www.sincomam.org.br\/index.php\/wp-json\/wp\/v2\/posts"}],"about":[{"href":"https:\/\/www.sincomam.org.br\/index.php\/wp-json\/wp\/v2\/types\/post"}],"author":[{"embeddable":true,"href":"https:\/\/www.sincomam.org.br\/index.php\/wp-json\/wp\/v2\/users\/1182"}],"replies":[{"embeddable":true,"href":"https:\/\/www.sincomam.org.br\/index.php\/wp-json\/wp\/v2\/comments?post=3196"}],"version-history":[{"count":1,"href":"https:\/\/www.sincomam.org.br\/index.php\/wp-json\/wp\/v2\/posts\/3196\/revisions"}],"predecessor-version":[{"id":3198,"href":"https:\/\/www.sincomam.org.br\/index.php\/wp-json\/wp\/v2\/posts\/3196\/revisions\/3198"}],"wp:featuredmedia":[{"embeddable":true,"href":"https:\/\/www.sincomam.org.br\/index.php\/wp-json\/wp\/v2\/media\/3197"}],"wp:attachment":[{"href":"https:\/\/www.sincomam.org.br\/index.php\/wp-json\/wp\/v2\/media?parent=3196"}],"wp:term":[{"taxonomy":"category","embeddable":true,"href":"https:\/\/www.sincomam.org.br\/index.php\/wp-json\/wp\/v2\/categories?post=3196"},{"taxonomy":"post_tag","embeddable":true,"href":"https:\/\/www.sincomam.org.br\/index.php\/wp-json\/wp\/v2\/tags?post=3196"}],"curies":[{"name":"wp","href":"https:\/\/api.w.org\/{rel}","templated":true}]}}