{"id":31952,"date":"2020-10-07T11:30:15","date_gmt":"2020-10-07T14:30:15","guid":{"rendered":"http:\/\/www.sincomam.org.br\/?p=31952"},"modified":"2020-10-07T11:30:15","modified_gmt":"2020-10-07T14:30:15","slug":"forcas-armadas-combatem-novos-focos-de-incendio-no-mato-grosso","status":"publish","type":"post","link":"https:\/\/www.sincomam.org.br\/index.php\/forcas-armadas-combatem-novos-focos-de-incendio-no-mato-grosso\/","title":{"rendered":"For\u00e7as Armadas combatem novos focos de inc\u00eandio no Mato Grosso"},"content":{"rendered":"<p><strong><em>Participam da opera\u00e7\u00e3o Pantanal, embarca\u00e7\u00f5es e helic\u00f3pteros da Marinha, do Ex\u00e9rcito e da Aeron\u00e1utica, al\u00e9m de Fuzileiros Navais <\/em><\/strong><\/p>\n<p>O Minist\u00e9rio da Defesa informou que, os militares que atuam na Opera\u00e7\u00e3o Pantanal, nos estados de Mato Grosso do Sul e Mato Grosso, a partir da \u00faltima quinta-feira (1\u00ba), realizam o combate aos novos focos de inc\u00eandio nas regi\u00f5es da Pousada Aymara, Carv\u00e3ozinho, Estrada do Rio Novo, Porto Jofre, Pousada Jaguar, Fazenda de Campo Largo, S\u00e3o Louren\u00e7o, Bar\u00e3o de Melga\u00e7o, Taiam\u00e3 e Parna, no Mato Grosso.<\/p>\n<p>Segundo o Minist\u00e9rio, as a\u00e7\u00f5es continuam nos munic\u00edpios de Corumb\u00e1 (MS) e Bodoquena (MS). Na ocasi\u00e3o, foram realizados oito lan\u00e7amentos de \u00e1gua na regi\u00e3o da Fazenda Rio Novo e Fazenda Bahia, todas no estado mato-grossense.<\/p>\n<p><em>\u201cAs a\u00e7\u00f5es de apoio contam com 1.158 profissionais, dos quais militares, brigadistas e civis, al\u00e9m de cinco aeronaves das For\u00e7as Armadas em voos de reconhecimento, lan\u00e7amento de \u00e1gua e transporte de pessoal\u201d, completou a Defesa.<\/em><\/p>\n<p><strong>Opera\u00e7\u00e3o Pantanal<\/strong><\/p>\n<p>As For\u00e7as Armadas atuam, desde o dia 25 de julho, no combate a inc\u00eandio no Pantanal sul-mato-grossense. No dia 5 de agosto, as a\u00e7\u00f5es foram estendidas ao Pantanal mato-grossense. O Minist\u00e9rio da Defesa atende \u00e0 solicita\u00e7\u00e3o recebida pelos dois estados.<\/p>\n<p>*Com informa\u00e7\u00f5es do Minist\u00e9rio da Defesa \/ Foto: ComSoc 6\u00b0DN\/Divulga\u00e7\u00e3o Opera\u00e7\u00e3o Pantanal<\/p>\n<p>&nbsp;<\/p>\n","protected":false},"excerpt":{"rendered":"<p>Participam da opera\u00e7\u00e3o Pantanal, embarca\u00e7\u00f5es e helic\u00f3pteros da Marinha, do Ex\u00e9rcito e da Aeron\u00e1utica, al\u00e9m de Fuzileiros Navais O Minist\u00e9rio da Defesa informou que, os&#8230;<\/p>\n","protected":false},"author":1182,"featured_media":31953,"comment_status":"closed","ping_status":"closed","sticky":false,"template":"","format":"standard","meta":{"footnotes":""},"categories":[6],"tags":[2909,2840,837,894,115,1013,3839,3683,1976],"class_list":["post-31952","post","type-post","status-publish","format-standard","has-post-thumbnail","hentry","category-noticias","tag-aeronautica","tag-combate","tag-exercito","tag-forcas-armadas","tag-incendio","tag-marinha-do-brasil","tag-mato-grosso","tag-ministerio-da-defesa","tag-pantanal"],"_links":{"self":[{"href":"https:\/\/www.sincomam.org.br\/index.php\/wp-json\/wp\/v2\/posts\/31952","targetHints":{"allow":["GET"]}}],"collection":[{"href":"https:\/\/www.sincomam.org.br\/index.php\/wp-json\/wp\/v2\/posts"}],"about":[{"href":"https:\/\/www.sincomam.org.br\/index.php\/wp-json\/wp\/v2\/types\/post"}],"author":[{"embeddable":true,"href":"https:\/\/www.sincomam.org.br\/index.php\/wp-json\/wp\/v2\/users\/1182"}],"replies":[{"embeddable":true,"href":"https:\/\/www.sincomam.org.br\/index.php\/wp-json\/wp\/v2\/comments?post=31952"}],"version-history":[{"count":1,"href":"https:\/\/www.sincomam.org.br\/index.php\/wp-json\/wp\/v2\/posts\/31952\/revisions"}],"predecessor-version":[{"id":31954,"href":"https:\/\/www.sincomam.org.br\/index.php\/wp-json\/wp\/v2\/posts\/31952\/revisions\/31954"}],"wp:featuredmedia":[{"embeddable":true,"href":"https:\/\/www.sincomam.org.br\/index.php\/wp-json\/wp\/v2\/media\/31953"}],"wp:attachment":[{"href":"https:\/\/www.sincomam.org.br\/index.php\/wp-json\/wp\/v2\/media?parent=31952"}],"wp:term":[{"taxonomy":"category","embeddable":true,"href":"https:\/\/www.sincomam.org.br\/index.php\/wp-json\/wp\/v2\/categories?post=31952"},{"taxonomy":"post_tag","embeddable":true,"href":"https:\/\/www.sincomam.org.br\/index.php\/wp-json\/wp\/v2\/tags?post=31952"}],"curies":[{"name":"wp","href":"https:\/\/api.w.org\/{rel}","templated":true}]}}