{"id":31931,"date":"2020-10-06T11:17:03","date_gmt":"2020-10-06T14:17:03","guid":{"rendered":"http:\/\/www.sincomam.org.br\/?p=31931"},"modified":"2020-10-06T11:17:03","modified_gmt":"2020-10-06T14:17:03","slug":"governo-federal-vai-testar-vacina-da-tuberculose-contra-covid-19","status":"publish","type":"post","link":"https:\/\/www.sincomam.org.br\/index.php\/governo-federal-vai-testar-vacina-da-tuberculose-contra-covid-19\/","title":{"rendered":"Governo federal vai testar vacina da tuberculose contra Covid-19"},"content":{"rendered":"<p>O ministro da Ci\u00eancia e Tecnologia, Marcos Pontes, participou nesta segunda-feira (5) da inaugura\u00e7\u00e3o dos testes cl\u00ednicos da vacina BCG, tradicionalmente usada no combate \u00e0 tuberculose, em pacientes com a Covid-19.<\/p>\n<p><em>&#8220;Ela n\u00e3o \u00e9 um substituto da vacina, serve para aumentar a imunidade&#8221;, disse Pontes. O ministro do governo Jair Bolsonaro (sem partido) tamb\u00e9m inaugurou um laborat\u00f3rio para testes da Covid-19.<\/em><\/p>\n<p>O Minist\u00e9rio da Ci\u00eancia, Tecnologia e Inova\u00e7\u00f5es investiu um milh\u00e3o de reais nos testes, que ser\u00e3o conduzidos pela Universidade Federal do Rio de Janeiro (UFRJ) e pela Universidade Estadual do Rio de Janeiro (UERJ).<\/p>\n<p>De acordo com a pesquisa, os pa\u00edses que mantiveram a vacina\u00e7\u00e3o universal da BCG nas crian\u00e7as, tiveram tamb\u00e9m uma melhor resposta no combate ao novo coronav\u00edrus e no tratamento dos casos mais graves.<\/p>\n<p>Pa\u00edses bastante afetados pela Covid-19, como Estados Unidos, Espanha e It\u00e1lia, n\u00e3o vacinam toda a popula\u00e7\u00e3o contra tuberculose, por exemplo.<\/p>\n<p>Mil profissionais de sa\u00fade ser\u00e3o testados, pois est\u00e3o na linha de frente ao combate \u00e0 doen\u00e7a.<\/p>\n<p>Participam do ensaio, nos pr\u00f3ximos meses, os hospitais Universit\u00e1rio Clementino Fraga Filho (UFRJ), Pedro Ernesto (UERJ) e Hospital Municipal de Barueri Dr. Francisco Moran, em S\u00e3o Paulo. O recrutamento durar\u00e1 dois meses e, no pr\u00f3ximo ano, o estudo vai acompanhar os resultados.<\/p>\n<p>O ministro tamb\u00e9m participou da inaugura\u00e7\u00e3o do laborat\u00f3rio de campanha da UFRJ que ter\u00e1 capacidade de realizar 300 exames tipo PCR para detec\u00e7\u00e3o do coronav\u00edrus. S\u00e3o 12 no pa\u00eds. Segundo o MCTI, o Brasil ter\u00e1 capacidade de realizar 100 mil exames por m\u00eas ap\u00f3s investimento de R$ 35 milh\u00f5es.<\/p>\n<p>Fonte: CNN Brasil<\/p>\n","protected":false},"excerpt":{"rendered":"<p>O ministro da Ci\u00eancia e Tecnologia, Marcos Pontes, participou nesta segunda-feira (5) da inaugura\u00e7\u00e3o dos testes cl\u00ednicos da vacina BCG, tradicionalmente usada no combate \u00e0&#8230;<\/p>\n","protected":false},"author":1182,"featured_media":30124,"comment_status":"closed","ping_status":"closed","sticky":false,"template":"","format":"standard","meta":{"footnotes":""},"categories":[6],"tags":[61,2752,2751,3276,59,864,3929,3552,2709,674],"class_list":["post-31931","post","type-post","status-publish","format-standard","has-post-thumbnail","hentry","category-noticias","tag-brasil","tag-coronavirus","tag-covid-19","tag-fiocruz","tag-rio-de-janeiro","tag-teste","tag-tuberculose","tag-uerj","tag-ufrj","tag-vacina"],"_links":{"self":[{"href":"https:\/\/www.sincomam.org.br\/index.php\/wp-json\/wp\/v2\/posts\/31931","targetHints":{"allow":["GET"]}}],"collection":[{"href":"https:\/\/www.sincomam.org.br\/index.php\/wp-json\/wp\/v2\/posts"}],"about":[{"href":"https:\/\/www.sincomam.org.br\/index.php\/wp-json\/wp\/v2\/types\/post"}],"author":[{"embeddable":true,"href":"https:\/\/www.sincomam.org.br\/index.php\/wp-json\/wp\/v2\/users\/1182"}],"replies":[{"embeddable":true,"href":"https:\/\/www.sincomam.org.br\/index.php\/wp-json\/wp\/v2\/comments?post=31931"}],"version-history":[{"count":1,"href":"https:\/\/www.sincomam.org.br\/index.php\/wp-json\/wp\/v2\/posts\/31931\/revisions"}],"predecessor-version":[{"id":31932,"href":"https:\/\/www.sincomam.org.br\/index.php\/wp-json\/wp\/v2\/posts\/31931\/revisions\/31932"}],"wp:featuredmedia":[{"embeddable":true,"href":"https:\/\/www.sincomam.org.br\/index.php\/wp-json\/wp\/v2\/media\/30124"}],"wp:attachment":[{"href":"https:\/\/www.sincomam.org.br\/index.php\/wp-json\/wp\/v2\/media?parent=31931"}],"wp:term":[{"taxonomy":"category","embeddable":true,"href":"https:\/\/www.sincomam.org.br\/index.php\/wp-json\/wp\/v2\/categories?post=31931"},{"taxonomy":"post_tag","embeddable":true,"href":"https:\/\/www.sincomam.org.br\/index.php\/wp-json\/wp\/v2\/tags?post=31931"}],"curies":[{"name":"wp","href":"https:\/\/api.w.org\/{rel}","templated":true}]}}