{"id":31927,"date":"2020-10-06T11:06:10","date_gmt":"2020-10-06T14:06:10","guid":{"rendered":"http:\/\/www.sincomam.org.br\/?p=31927"},"modified":"2020-10-06T11:38:03","modified_gmt":"2020-10-06T14:38:03","slug":"ministerio-da-agricultura-confirma-peste-suina-classica-no-piaui","status":"publish","type":"post","link":"https:\/\/www.sincomam.org.br\/index.php\/ministerio-da-agricultura-confirma-peste-suina-classica-no-piaui\/","title":{"rendered":"Minist\u00e9rio da Agricultura confirma peste su\u00edna cl\u00e1ssica no Piau\u00ed"},"content":{"rendered":"<p><strong><em>A propriedade em que se identificou o foco da doen\u00e7a foi interditada e o servi\u00e7o veterin\u00e1rio estadual est\u00e1 adotando os procedimentos do Mapa<\/em><\/strong><\/p>\n<p>O Minist\u00e9rio da Agricultura, Pecu\u00e1ria e Abastecimento (Mapa) confirmou nesta segunda-feira, 5, um foco de Peste Su\u00edna Cl\u00e1ssica (PSC) no Piau\u00ed. O diagn\u00f3stico foi confirmado pelo Laborat\u00f3rio Federal de Defesa Agropecu\u00e1ria em Pedro Leopoldo (MG), por t\u00e9cnica de diagn\u00f3stico molecular (RT-PCR em Tempo Real).<\/p>\n<p>O caso ocorreu no munic\u00edpio de Parna\u00edba, norte do estado, em criat\u00f3rio de su\u00ednos para subsist\u00eancia. Segundo o minist\u00e9rio, o estado \u00e9 localizado fora da zona reconhecida como livre de PSC pela Organiza\u00e7\u00e3o Mundial de Sa\u00fade Animal (OIE).<\/p>\n<p>\u201cA ocorr\u00eancia j\u00e1 foi notificada pelo Minist\u00e9rio \u00e0 OIE e n\u00e3o h\u00e1 justificativas para restri\u00e7\u00f5es ao com\u00e9rcio internacional de su\u00ednos e seus produtos. O \u00faltimo foco de PSC no Piau\u00ed foi encerrado em novembro de 2019\u201d, afirmou a pasta por meio de nota.<\/p>\n<p>O minist\u00e9rio informou ainda que a propriedade em que se identificou o foco da doen\u00e7a foi interditada e o servi\u00e7o veterin\u00e1rio estadual est\u00e1 adotando os procedimentos determinados pela pasta para elimina\u00e7\u00e3o do foco, incluindo sacrif\u00edcio dos su\u00ednos e desinfec\u00e7\u00e3o da propriedade afetada, al\u00e9m de investiga\u00e7\u00f5es para rastreamento de prov\u00e1vel origem e v\u00ednculos epidemiol\u00f3gicos.<\/p>\n<p><strong>Peste Su\u00edna Cl\u00e1ssica<\/strong><\/p>\n<p>A Peste Su\u00edna Cl\u00e1ssica (PSC), tamb\u00e9m conhecida como febre su\u00edna ou c\u00f3lera dos porcos, \u00e9 uma doen\u00e7a viral, altamente contagiosa, que afeta somente su\u00ednos e javalis. N\u00e3o oferece riscos \u00e0 sa\u00fade humana e n\u00e3o tem impacto na sa\u00fade p\u00fablica.<\/p>\n<p>O estado do Piau\u00ed faz parte da zona n\u00e3o reconhecida como livre de PSC, juntamente com outros 10 estados (AL, AM, RR, PA, AP, MA, CE, RN, PB, PE). Os limites entre as zonas livre e n\u00e3o livre de PSC s\u00e3o protegidos por barreiras naturais e postos de \ufb01scaliza\u00e7\u00e3o, onde procedimentos de vigil\u00e2ncia e mitiga\u00e7\u00e3o de risco para evitar a introdu\u00e7\u00e3o da doen\u00e7a s\u00e3o adotados continuamente.<\/p>\n<p>A zona livre de PSC do Brasil concentra mais de 95% de toda a ind\u00fastria suin\u00edcola brasileira. Toda a exporta\u00e7\u00e3o brasileira de su\u00ednos e seus produtos s\u00e3o oriundas da zona livre, que incorpora 15 estados brasileiros e o Distrito Federal (RS, SC, PR, MG, SP, MS, MT, GO, DF, RJ, ES, BA, SE, TO, RO e AC), e n\u00e3o registra ocorr\u00eancia da doen\u00e7a de PSC desde janeiro de 1998.<\/p>\n<p>Fonte: Veja<\/p>\n","protected":false},"excerpt":{"rendered":"<p>A propriedade em que se identificou o foco da doen\u00e7a foi interditada e o servi\u00e7o veterin\u00e1rio estadual est\u00e1 adotando os procedimentos do Mapa O Minist\u00e9rio&#8230;<\/p>\n","protected":false},"author":1182,"featured_media":31930,"comment_status":"closed","ping_status":"closed","sticky":false,"template":"","format":"standard","meta":{"footnotes":""},"categories":[6],"tags":[61,3064,2080,3926,333,3928,3927],"class_list":["post-31927","post","type-post","status-publish","format-standard","has-post-thumbnail","hentry","category-noticias","tag-brasil","tag-contaminacao","tag-ministerio-da-agricultura","tag-peste","tag-piaui","tag-porcos","tag-suina"],"_links":{"self":[{"href":"https:\/\/www.sincomam.org.br\/index.php\/wp-json\/wp\/v2\/posts\/31927","targetHints":{"allow":["GET"]}}],"collection":[{"href":"https:\/\/www.sincomam.org.br\/index.php\/wp-json\/wp\/v2\/posts"}],"about":[{"href":"https:\/\/www.sincomam.org.br\/index.php\/wp-json\/wp\/v2\/types\/post"}],"author":[{"embeddable":true,"href":"https:\/\/www.sincomam.org.br\/index.php\/wp-json\/wp\/v2\/users\/1182"}],"replies":[{"embeddable":true,"href":"https:\/\/www.sincomam.org.br\/index.php\/wp-json\/wp\/v2\/comments?post=31927"}],"version-history":[{"count":1,"href":"https:\/\/www.sincomam.org.br\/index.php\/wp-json\/wp\/v2\/posts\/31927\/revisions"}],"predecessor-version":[{"id":31929,"href":"https:\/\/www.sincomam.org.br\/index.php\/wp-json\/wp\/v2\/posts\/31927\/revisions\/31929"}],"wp:featuredmedia":[{"embeddable":true,"href":"https:\/\/www.sincomam.org.br\/index.php\/wp-json\/wp\/v2\/media\/31930"}],"wp:attachment":[{"href":"https:\/\/www.sincomam.org.br\/index.php\/wp-json\/wp\/v2\/media?parent=31927"}],"wp:term":[{"taxonomy":"category","embeddable":true,"href":"https:\/\/www.sincomam.org.br\/index.php\/wp-json\/wp\/v2\/categories?post=31927"},{"taxonomy":"post_tag","embeddable":true,"href":"https:\/\/www.sincomam.org.br\/index.php\/wp-json\/wp\/v2\/tags?post=31927"}],"curies":[{"name":"wp","href":"https:\/\/api.w.org\/{rel}","templated":true}]}}