{"id":31895,"date":"2020-10-05T13:07:23","date_gmt":"2020-10-05T16:07:23","guid":{"rendered":"http:\/\/www.sincomam.org.br\/?p=31895"},"modified":"2020-10-05T13:07:23","modified_gmt":"2020-10-05T16:07:23","slug":"antaq-realiza-pesquisa-sobre-a-navegacao-de-cabotagem-no-transporte-de-conteineres","status":"publish","type":"post","link":"https:\/\/www.sincomam.org.br\/index.php\/antaq-realiza-pesquisa-sobre-a-navegacao-de-cabotagem-no-transporte-de-conteineres\/","title":{"rendered":"ANTAQ realiza pesquisa sobre a navega\u00e7\u00e3o de cabotagem no transporte de cont\u00eaineres"},"content":{"rendered":"<p><strong><em>Ser\u00e3o abordadas, entre os dias 5 de outubro e 6 de novembro, empresas usu\u00e1rias do servi\u00e7o de cabotagem<\/em><\/strong><\/p>\n<p>A ANTAQ informa que realizar\u00e1 uma segunda rodada da pesquisa sobre a utiliza\u00e7\u00e3o da navega\u00e7\u00e3o de cabotagem no transporte de cont\u00eaineres. Tal pesquisa se dar\u00e1 por meio de question\u00e1rio online, elaborado pela equipe t\u00e9cnica da Ger\u00eancia de Desenvolvimento e Estudos, da Superintend\u00eancia de Desempenho, Desenvolvimento e Sustentabilidade, e ser\u00e1 direcionada \u00e0s empresas que fizeram uso do servi\u00e7o de transporte de cont\u00eaineres na cabotagem em 2019 e 2020, bem como \u00e0s empresas que potencialmente poderiam se beneficiar desse servi\u00e7o.<\/p>\n<p>As empresas ser\u00e3o abordadas entre os dias 5 de outubro e 6 de novembro com o envio, por e-mail, do link espec\u00edfico para acesso e informa\u00e7\u00f5es necess\u00e1rias para o preenchimento do question\u00e1rio online.<\/p>\n<p>A primeira pesquisa com esse teor foi conduzida pela ANTAQ em novembro de 2019. Os dados coletados ter\u00e3o car\u00e1ter sigiloso e ser\u00e3o utilizados para atualizar o cen\u00e1rio da presta\u00e7\u00e3o dos servi\u00e7os de cabotagem, principalmente em fun\u00e7\u00e3o da pandemia da COVID-19. As informa\u00e7\u00f5es resultantes da pesquisa ser\u00e3o divulgadas no Boletim Informativo Aquavi\u00e1rio, divulgado periodicamente pela Ag\u00eancia.<\/p>\n<p>*Com informa\u00e7\u00f5es ANTAQ<\/p>\n","protected":false},"excerpt":{"rendered":"<p>Ser\u00e3o abordadas, entre os dias 5 de outubro e 6 de novembro, empresas usu\u00e1rias do servi\u00e7o de cabotagem A ANTAQ informa que realizar\u00e1 uma segunda&#8230;<\/p>\n","protected":false},"author":1182,"featured_media":31896,"comment_status":"closed","ping_status":"closed","sticky":false,"template":"","format":"standard","meta":{"footnotes":""},"categories":[6],"tags":[301,82,107,630,189],"class_list":["post-31895","post","type-post","status-publish","format-standard","has-post-thumbnail","hentry","category-noticias","tag-antaq","tag-cabotagem","tag-empresa","tag-pesquisa","tag-transporte"],"_links":{"self":[{"href":"https:\/\/www.sincomam.org.br\/index.php\/wp-json\/wp\/v2\/posts\/31895","targetHints":{"allow":["GET"]}}],"collection":[{"href":"https:\/\/www.sincomam.org.br\/index.php\/wp-json\/wp\/v2\/posts"}],"about":[{"href":"https:\/\/www.sincomam.org.br\/index.php\/wp-json\/wp\/v2\/types\/post"}],"author":[{"embeddable":true,"href":"https:\/\/www.sincomam.org.br\/index.php\/wp-json\/wp\/v2\/users\/1182"}],"replies":[{"embeddable":true,"href":"https:\/\/www.sincomam.org.br\/index.php\/wp-json\/wp\/v2\/comments?post=31895"}],"version-history":[{"count":1,"href":"https:\/\/www.sincomam.org.br\/index.php\/wp-json\/wp\/v2\/posts\/31895\/revisions"}],"predecessor-version":[{"id":31897,"href":"https:\/\/www.sincomam.org.br\/index.php\/wp-json\/wp\/v2\/posts\/31895\/revisions\/31897"}],"wp:featuredmedia":[{"embeddable":true,"href":"https:\/\/www.sincomam.org.br\/index.php\/wp-json\/wp\/v2\/media\/31896"}],"wp:attachment":[{"href":"https:\/\/www.sincomam.org.br\/index.php\/wp-json\/wp\/v2\/media?parent=31895"}],"wp:term":[{"taxonomy":"category","embeddable":true,"href":"https:\/\/www.sincomam.org.br\/index.php\/wp-json\/wp\/v2\/categories?post=31895"},{"taxonomy":"post_tag","embeddable":true,"href":"https:\/\/www.sincomam.org.br\/index.php\/wp-json\/wp\/v2\/tags?post=31895"}],"curies":[{"name":"wp","href":"https:\/\/api.w.org\/{rel}","templated":true}]}}